{"id":10894,"date":"2022-08-11T11:54:43","date_gmt":"2022-08-11T09:54:43","guid":{"rendered":"http:\/\/www.adformandum.org\/?p=10894"},"modified":"2023-12-11T11:59:46","modified_gmt":"2023-12-11T10:59:46","slug":"iscrizioni22-23","status":"publish","type":"post","link":"https:\/\/www.adformandum.org\/si\/iscrizioni22-23\/","title":{"rendered":"Prijave za \u0161olsko leto 2022 &#8211; 2023"},"content":{"rendered":"<p><strong>Prijave za \u0161olsko leto 2022 &#8211; 2023 so \u017ee v teku.<\/strong> Vsi, ki jih zanima izobra\u017eevanje v gostinskem sektorju, lahko kontaktirajo tajni\u0161tvo \u0161ole na tel. \u0161t. +39 040 566360 (TS) in +39 0481 81826 (GO) ali preko elektronskega sporo\u010dila na mail info@adformandum.org.<\/p>","protected":false},"excerpt":{"rendered":"<p>Prijave za \u0161olsko leto 2022 &#8211; 2023 so \u017ee v teku. Vsi, ki jih zanima izobra\u017eevanje v gostinskem sektorju, lahko kontaktirajo tajni\u0161tvo \u0161ole na tel. \u0161t. +39 040 566360 (TS) in +39 0481 81826 (GO) ali preko elektronskega sporo\u010dila na mail info@adformandum.org.<\/p>\n","protected":false},"author":4,"featured_media":10896,"comment_status":"closed","ping_status":"open","sticky":false,"template":"","format":"standard","meta":{"_mi_skip_tracking":false,"_monsterinsights_sitenote_active":false,"_monsterinsights_sitenote_note":"","_monsterinsights_sitenote_category":0,"footnotes":""},"categories":[221],"tags":[],"yoast_head":"<!-- This site is optimized with the Yoast SEO plugin v21.5 - https:\/\/yoast.com\/wordpress\/plugins\/seo\/ -->\n<title>Prijave za \u0161olsko leto 2022 - 2023 - AD Formandum<\/title>\n<meta name=\"description\" content=\"Gli allievi della scuola alberghiera allo Slofest a Trieste\" \/>\n<meta name=\"robots\" content=\"index, follow, max-snippet:-1, max-image-preview:large, max-video-preview:-1\" \/>\n<link rel=\"canonical\" href=\"https:\/\/www.adformandum.org\/iscrizioni22-23\/\" \/>\n<meta property=\"og:locale\" content=\"sl_SI\" \/>\n<meta property=\"og:type\" content=\"article\" \/>\n<meta property=\"og:title\" content=\"Prijave za \u0161olsko leto 2022 - 2023 - AD Formandum\" \/>\n<meta property=\"og:description\" content=\"Gli allievi della scuola alberghiera allo Slofest a Trieste\" \/>\n<meta property=\"og:url\" content=\"https:\/\/www.adformandum.org\/iscrizioni22-23\/\" \/>\n<meta property=\"og:site_name\" content=\"AD Formandum\" \/>\n<meta property=\"article:publisher\" content=\"https:\/\/www.facebook.com\/adformandum\/\" \/>\n<meta property=\"article:published_time\" content=\"2022-08-11T09:54:43+00:00\" \/>\n<meta property=\"article:modified_time\" content=\"2023-12-11T10:59:46+00:00\" \/>\n<meta property=\"og:image\" content=\"https:\/\/www.adformandum.org\/wp-content\/uploads\/2022\/08\/Progetto-senza-titolo-64.jpg\" \/>\n\t<meta property=\"og:image:width\" content=\"1920\" \/>\n\t<meta property=\"og:image:height\" content=\"1080\" \/>\n\t<meta property=\"og:image:type\" content=\"image\/jpeg\" \/>\n<meta name=\"author\" content=\"Francesca Iancig\" \/>\n<meta name=\"twitter:card\" content=\"summary_large_image\" \/>\n<meta name=\"twitter:creator\" content=\"@AdFormandum\" \/>\n<meta name=\"twitter:site\" content=\"@AdFormandum\" \/>\n<meta name=\"twitter:label1\" content=\"Written by\" \/>\n\t<meta name=\"twitter:data1\" content=\"Francesca Iancig\" \/>\n<script type=\"application\/ld+json\" class=\"yoast-schema-graph\">{\"@context\":\"https:\/\/schema.org\",\"@graph\":[{\"@type\":\"Article\",\"@id\":\"https:\/\/www.adformandum.org\/iscrizioni22-23\/#article\",\"isPartOf\":{\"@id\":\"https:\/\/www.adformandum.org\/iscrizioni22-23\/\"},\"author\":{\"name\":\"Francesca Iancig\",\"@id\":\"https:\/\/www.adformandum.org\/#\/schema\/person\/0d25a1ce7394dd5fa537dc04e1a56526\"},\"headline\":\"Prijave za \u0161olsko leto 2022 &#8211; 2023\",\"datePublished\":\"2022-08-11T09:54:43+00:00\",\"dateModified\":\"2023-12-11T10:59:46+00:00\",\"mainEntityOfPage\":{\"@id\":\"https:\/\/www.adformandum.org\/iscrizioni22-23\/\"},\"wordCount\":84,\"publisher\":{\"@id\":\"https:\/\/www.adformandum.org\/#organization\"},\"articleSection\":[\"Novice\"],\"inLanguage\":\"sl-SI\"},{\"@type\":\"WebPage\",\"@id\":\"https:\/\/www.adformandum.org\/iscrizioni22-23\/\",\"url\":\"https:\/\/www.adformandum.org\/iscrizioni22-23\/\",\"name\":\"Prijave za \u0161olsko leto 2022 - 2023 - AD Formandum\",\"isPartOf\":{\"@id\":\"https:\/\/www.adformandum.org\/#website\"},\"datePublished\":\"2022-08-11T09:54:43+00:00\",\"dateModified\":\"2023-12-11T10:59:46+00:00\",\"description\":\"Gli allievi della scuola alberghiera allo Slofest a Trieste\",\"breadcrumb\":{\"@id\":\"https:\/\/www.adformandum.org\/iscrizioni22-23\/#breadcrumb\"},\"inLanguage\":\"sl-SI\",\"potentialAction\":[{\"@type\":\"ReadAction\",\"target\":[\"https:\/\/www.adformandum.org\/iscrizioni22-23\/\"]}]},{\"@type\":\"BreadcrumbList\",\"@id\":\"https:\/\/www.adformandum.org\/iscrizioni22-23\/#breadcrumb\",\"itemListElement\":[{\"@type\":\"ListItem\",\"position\":1,\"name\":\"Home\",\"item\":\"https:\/\/www.adformandum.org\/\"},{\"@type\":\"ListItem\",\"position\":2,\"name\":\"[:it]Iscrizioni all&#8217;anno scolastico 2022 &#8211; 2023[:si]Prijave za \u0161olsko leto 2022 &#8211; 2023[:]\"}]},{\"@type\":\"WebSite\",\"@id\":\"https:\/\/www.adformandum.org\/#website\",\"url\":\"https:\/\/www.adformandum.org\/\",\"name\":\"AD Formandum\",\"description\":\"impresa sociale - socialno podjetje\",\"publisher\":{\"@id\":\"https:\/\/www.adformandum.org\/#organization\"},\"potentialAction\":[{\"@type\":\"SearchAction\",\"target\":{\"@type\":\"EntryPoint\",\"urlTemplate\":\"https:\/\/www.adformandum.org\/?s={search_term_string}\"},\"query-input\":\"required name=search_term_string\"}],\"inLanguage\":\"sl-SI\"},{\"@type\":\"Organization\",\"@id\":\"https:\/\/www.adformandum.org\/#organization\",\"name\":\"AD Formandum\",\"url\":\"https:\/\/www.adformandum.org\/\",\"logo\":{\"@type\":\"ImageObject\",\"inLanguage\":\"sl-SI\",\"@id\":\"https:\/\/www.adformandum.org\/#\/schema\/logo\/image\/\",\"url\":\"https:\/\/www.adformandum.org\/wp-content\/uploads\/2019\/06\/logo-new.png\",\"contentUrl\":\"https:\/\/www.adformandum.org\/wp-content\/uploads\/2019\/06\/logo-new.png\",\"width\":330,\"height\":65,\"caption\":\"AD Formandum\"},\"image\":{\"@id\":\"https:\/\/www.adformandum.org\/#\/schema\/logo\/image\/\"},\"sameAs\":[\"https:\/\/www.facebook.com\/adformandum\/\",\"https:\/\/twitter.com\/AdFormandum\",\"https:\/\/www.linkedin.com\/company\/ad-formandum\"]},{\"@type\":\"Person\",\"@id\":\"https:\/\/www.adformandum.org\/#\/schema\/person\/0d25a1ce7394dd5fa537dc04e1a56526\",\"name\":\"Francesca Iancig\",\"image\":{\"@type\":\"ImageObject\",\"inLanguage\":\"sl-SI\",\"@id\":\"https:\/\/www.adformandum.org\/#\/schema\/person\/image\/\",\"url\":\"https:\/\/secure.gravatar.com\/avatar\/3f6f9aea4fc448c45fcd1dd487898e04?s=96&d=mm&r=g\",\"contentUrl\":\"https:\/\/secure.gravatar.com\/avatar\/3f6f9aea4fc448c45fcd1dd487898e04?s=96&d=mm&r=g\",\"caption\":\"Francesca Iancig\"}}]}<\/script>\n<!-- \/ Yoast SEO plugin. -->","yoast_head_json":{"title":"Prijave za \u0161olsko leto 2022 - 2023 - AD Formandum","description":"Gli allievi della scuola alberghiera allo Slofest a Trieste","robots":{"index":"index","follow":"follow","max-snippet":"max-snippet:-1","max-image-preview":"max-image-preview:large","max-video-preview":"max-video-preview:-1"},"canonical":"https:\/\/www.adformandum.org\/iscrizioni22-23\/","og_locale":"sl_SI","og_type":"article","og_title":"Prijave za \u0161olsko leto 2022 - 2023 - AD Formandum","og_description":"Gli allievi della scuola alberghiera allo Slofest a Trieste","og_url":"https:\/\/www.adformandum.org\/iscrizioni22-23\/","og_site_name":"AD Formandum","article_publisher":"https:\/\/www.facebook.com\/adformandum\/","article_published_time":"2022-08-11T09:54:43+00:00","article_modified_time":"2023-12-11T10:59:46+00:00","og_image":[{"width":1920,"height":1080,"url":"https:\/\/www.adformandum.org\/wp-content\/uploads\/2022\/08\/Progetto-senza-titolo-64.jpg","type":"image\/jpeg"}],"author":"Francesca Iancig","twitter_card":"summary_large_image","twitter_creator":"@AdFormandum","twitter_site":"@AdFormandum","twitter_misc":{"Written by":"Francesca Iancig"},"schema":{"@context":"https:\/\/schema.org","@graph":[{"@type":"Article","@id":"https:\/\/www.adformandum.org\/iscrizioni22-23\/#article","isPartOf":{"@id":"https:\/\/www.adformandum.org\/iscrizioni22-23\/"},"author":{"name":"Francesca Iancig","@id":"https:\/\/www.adformandum.org\/#\/schema\/person\/0d25a1ce7394dd5fa537dc04e1a56526"},"headline":"Prijave za \u0161olsko leto 2022 &#8211; 2023","datePublished":"2022-08-11T09:54:43+00:00","dateModified":"2023-12-11T10:59:46+00:00","mainEntityOfPage":{"@id":"https:\/\/www.adformandum.org\/iscrizioni22-23\/"},"wordCount":84,"publisher":{"@id":"https:\/\/www.adformandum.org\/#organization"},"articleSection":["Novice"],"inLanguage":"sl-SI"},{"@type":"WebPage","@id":"https:\/\/www.adformandum.org\/iscrizioni22-23\/","url":"https:\/\/www.adformandum.org\/iscrizioni22-23\/","name":"Prijave za \u0161olsko leto 2022 - 2023 - AD Formandum","isPartOf":{"@id":"https:\/\/www.adformandum.org\/#website"},"datePublished":"2022-08-11T09:54:43+00:00","dateModified":"2023-12-11T10:59:46+00:00","description":"Gli allievi della scuola alberghiera allo Slofest a Trieste","breadcrumb":{"@id":"https:\/\/www.adformandum.org\/iscrizioni22-23\/#breadcrumb"},"inLanguage":"sl-SI","potentialAction":[{"@type":"ReadAction","target":["https:\/\/www.adformandum.org\/iscrizioni22-23\/"]}]},{"@type":"BreadcrumbList","@id":"https:\/\/www.adformandum.org\/iscrizioni22-23\/#breadcrumb","itemListElement":[{"@type":"ListItem","position":1,"name":"Home","item":"https:\/\/www.adformandum.org\/"},{"@type":"ListItem","position":2,"name":"[:it]Iscrizioni all&#8217;anno scolastico 2022 &#8211; 2023[:si]Prijave za \u0161olsko leto 2022 &#8211; 2023[:]"}]},{"@type":"WebSite","@id":"https:\/\/www.adformandum.org\/#website","url":"https:\/\/www.adformandum.org\/","name":"AD Formandum","description":"impresa sociale - socialno podjetje","publisher":{"@id":"https:\/\/www.adformandum.org\/#organization"},"potentialAction":[{"@type":"SearchAction","target":{"@type":"EntryPoint","urlTemplate":"https:\/\/www.adformandum.org\/?s={search_term_string}"},"query-input":"required name=search_term_string"}],"inLanguage":"sl-SI"},{"@type":"Organization","@id":"https:\/\/www.adformandum.org\/#organization","name":"AD Formandum","url":"https:\/\/www.adformandum.org\/","logo":{"@type":"ImageObject","inLanguage":"sl-SI","@id":"https:\/\/www.adformandum.org\/#\/schema\/logo\/image\/","url":"https:\/\/www.adformandum.org\/wp-content\/uploads\/2019\/06\/logo-new.png","contentUrl":"https:\/\/www.adformandum.org\/wp-content\/uploads\/2019\/06\/logo-new.png","width":330,"height":65,"caption":"AD Formandum"},"image":{"@id":"https:\/\/www.adformandum.org\/#\/schema\/logo\/image\/"},"sameAs":["https:\/\/www.facebook.com\/adformandum\/","https:\/\/twitter.com\/AdFormandum","https:\/\/www.linkedin.com\/company\/ad-formandum"]},{"@type":"Person","@id":"https:\/\/www.adformandum.org\/#\/schema\/person\/0d25a1ce7394dd5fa537dc04e1a56526","name":"Francesca Iancig","image":{"@type":"ImageObject","inLanguage":"sl-SI","@id":"https:\/\/www.adformandum.org\/#\/schema\/person\/image\/","url":"https:\/\/secure.gravatar.com\/avatar\/3f6f9aea4fc448c45fcd1dd487898e04?s=96&d=mm&r=g","contentUrl":"https:\/\/secure.gravatar.com\/avatar\/3f6f9aea4fc448c45fcd1dd487898e04?s=96&d=mm&r=g","caption":"Francesca Iancig"}}]}},"_links":{"self":[{"href":"https:\/\/www.adformandum.org\/si\/wp-json\/wp\/v2\/posts\/10894"}],"collection":[{"href":"https:\/\/www.adformandum.org\/si\/wp-json\/wp\/v2\/posts"}],"about":[{"href":"https:\/\/www.adformandum.org\/si\/wp-json\/wp\/v2\/types\/post"}],"author":[{"embeddable":true,"href":"https:\/\/www.adformandum.org\/si\/wp-json\/wp\/v2\/users\/4"}],"replies":[{"embeddable":true,"href":"https:\/\/www.adformandum.org\/si\/wp-json\/wp\/v2\/comments?post=10894"}],"version-history":[{"count":4,"href":"https:\/\/www.adformandum.org\/si\/wp-json\/wp\/v2\/posts\/10894\/revisions"}],"predecessor-version":[{"id":19582,"href":"https:\/\/www.adformandum.org\/si\/wp-json\/wp\/v2\/posts\/10894\/revisions\/19582"}],"wp:featuredmedia":[{"embeddable":true,"href":"https:\/\/www.adformandum.org\/si\/wp-json\/wp\/v2\/media\/10896"}],"wp:attachment":[{"href":"https:\/\/www.adformandum.org\/si\/wp-json\/wp\/v2\/media?parent=10894"}],"wp:term":[{"taxonomy":"category","embeddable":true,"href":"https:\/\/www.adformandum.org\/si\/wp-json\/wp\/v2\/categories?post=10894"},{"taxonomy":"post_tag","embeddable":true,"href":"https:\/\/www.adformandum.org\/si\/wp-json\/wp\/v2\/tags?post=10894"}],"curies":[{"name":"wp","href":"https:\/\/api.w.org\/{rel}","templated":true}]}}