{"id":11332,"date":"2022-09-05T09:45:33","date_gmt":"2022-09-05T07:45:33","guid":{"rendered":"http:\/\/www.adformandum.org\/?p=11332"},"modified":"2022-09-05T09:54:38","modified_gmt":"2022-09-05T07:54:38","slug":"gita-premio-presso-la-subida-a-cormons","status":"publish","type":"post","link":"https:\/\/www.adformandum.org\/si\/gita-premio-presso-la-subida-a-cormons\/","title":{"rendered":"Obisk &#8220;La Subide&#8221; z nagrajenimi dijaki"},"content":{"rendered":"<p>Gostinska \u0161ola <strong>AD FORMANDUM<\/strong> je v petek, 26. 8. 2022, svojim nagrajenim dijakom ponudila mo\u017enost obiska <strong>Jo\u0161ka Sirka v La Subida<\/strong>, ki se nahaja v Krminu.<\/p>\n<p>Dijaki so bili zbrani na podlagi njihovega <strong>\u0161olskega uspeha<\/strong> v preteklem \u0161olskem letu, hkrati pa je k temu veliko pripomogel tudi sam pristop dijakov do podanega dela.\u00a0U\u010dni programi zavoda se izvajajo tako v <strong>Trstu<\/strong>, kot v <strong>Gorici<\/strong>, zato je bilo nagrajenih <strong>osem dijakov iz vsakega sede<\/strong><strong>\u017ea<\/strong>, s treh razli\u010dnih \u0161tudijskih smeri \u2013 <strong>Kuhar<\/strong>, <strong>Natakar<\/strong> in <strong>Sla\u0161\u010di\u010dar<\/strong>.<\/p>\n<p>Dijakom je svoja vrata gostoljubno odprl<strong> Jo\u0161ko Sirk, <\/strong>uspe\u0161en podjetnik, ki je poleg kulinari\u010dnega potovanja, svojo destinacijo nadgradil s pestro ponudbo raznih do\u017eivetij. <strong>La Subida Sirk<\/strong> vklju\u010duje restavracijo <strong>Trattoria al Cacciatore<\/strong>, ki se pona\u0161a z eno <strong>Michelinovo zvezdico<\/strong>, <strong>O\u0161terijo de La Subida<\/strong> in <strong>gozdne hi\u0161ice<\/strong> v katerih lahko gostje preno\u010dijo v neposrednem stiku z naravo. Pri upravljanju celotnega sistema sodelujejo vsi o\u017eji \u010dlani <strong>dru\u017eine Sirk.<\/strong><\/p>\n<p>Gostinski obrat v Krminu so obiskali: <strong>Cossuta Samuel, Sbrugnera Lorenzo, Bastico Elena, Magurano Evelyn, Beye Daba, Paoletti Sofia, Terman Orioles Camil, Trevisan Daniele, Hu Yong Quan, Visintin Martina, Cazzato Simone, Busato Caterina, Pasciucco Giada, Sfiligoi Rosalia, Maver Sabrina <\/strong>in<strong> Lin Kevin.<\/strong><\/p>\n<p>Vsem dijakom \u010destitamo za dose\u017een uspeh in vo\u0161\u010dimo prijeten za\u010detek novega \u0161olskega leta!<\/p>","protected":false},"excerpt":{"rendered":"<p>Gostinska \u0161ola AD FORMANDUM je v petek, 26. 8. 2022, svojim nagrajenim dijakom ponudila mo\u017enost obiska Jo\u0161ka Sirka v La Subida, ki se nahaja v Krminu. Dijaki so bili zbrani na podlagi njihovega \u0161olskega uspeha v preteklem \u0161olskem letu, hkrati pa je k temu veliko pripomogel tudi sam pristop dijakov do podanega dela.\u00a0U\u010dni programi zavoda se [&hellip;]<\/p>\n","protected":false},"author":4,"featured_media":11336,"comment_status":"closed","ping_status":"open","sticky":false,"template":"","format":"standard","meta":{"_mi_skip_tracking":false,"_monsterinsights_sitenote_active":false,"_monsterinsights_sitenote_note":"","_monsterinsights_sitenote_category":0,"footnotes":""},"categories":[221],"tags":[],"yoast_head":"<!-- This site is optimized with the Yoast SEO plugin v21.5 - https:\/\/yoast.com\/wordpress\/plugins\/seo\/ -->\n<title>Obisk &quot;La Subide&quot; z nagrajenimi dijaki - AD Formandum<\/title>\n<meta name=\"description\" content=\"Gli allievi della scuola alberghiera allo Slofest a Trieste\" \/>\n<meta name=\"robots\" content=\"index, follow, max-snippet:-1, max-image-preview:large, max-video-preview:-1\" \/>\n<link rel=\"canonical\" href=\"https:\/\/www.adformandum.org\/gita-premio-presso-la-subida-a-cormons\/\" \/>\n<meta property=\"og:locale\" content=\"sl_SI\" \/>\n<meta property=\"og:type\" content=\"article\" \/>\n<meta property=\"og:title\" content=\"Obisk &quot;La Subide&quot; z nagrajenimi dijaki - AD Formandum\" \/>\n<meta property=\"og:description\" content=\"Gli allievi della scuola alberghiera allo Slofest a Trieste\" \/>\n<meta property=\"og:url\" content=\"https:\/\/www.adformandum.org\/gita-premio-presso-la-subida-a-cormons\/\" \/>\n<meta property=\"og:site_name\" content=\"AD Formandum\" \/>\n<meta property=\"article:publisher\" content=\"https:\/\/www.facebook.com\/adformandum\/\" \/>\n<meta property=\"article:published_time\" content=\"2022-09-05T07:45:33+00:00\" \/>\n<meta property=\"article:modified_time\" content=\"2022-09-05T07:54:38+00:00\" \/>\n<meta property=\"og:image\" content=\"https:\/\/www.adformandum.org\/wp-content\/uploads\/2022\/09\/Progetto-senza-titolo-66.jpg\" \/>\n\t<meta property=\"og:image:width\" content=\"1920\" \/>\n\t<meta property=\"og:image:height\" content=\"1080\" \/>\n\t<meta property=\"og:image:type\" content=\"image\/jpeg\" \/>\n<meta name=\"author\" content=\"Francesca Iancig\" \/>\n<meta name=\"twitter:card\" content=\"summary_large_image\" \/>\n<meta name=\"twitter:creator\" content=\"@AdFormandum\" \/>\n<meta name=\"twitter:site\" content=\"@AdFormandum\" \/>\n<meta name=\"twitter:label1\" content=\"Written by\" \/>\n\t<meta name=\"twitter:data1\" content=\"Francesca Iancig\" \/>\n\t<meta name=\"twitter:label2\" content=\"Est. reading time\" \/>\n\t<meta name=\"twitter:data2\" content=\"2 minuti\" \/>\n<script type=\"application\/ld+json\" class=\"yoast-schema-graph\">{\"@context\":\"https:\/\/schema.org\",\"@graph\":[{\"@type\":\"Article\",\"@id\":\"https:\/\/www.adformandum.org\/gita-premio-presso-la-subida-a-cormons\/#article\",\"isPartOf\":{\"@id\":\"https:\/\/www.adformandum.org\/gita-premio-presso-la-subida-a-cormons\/\"},\"author\":{\"name\":\"Francesca Iancig\",\"@id\":\"https:\/\/www.adformandum.org\/#\/schema\/person\/0d25a1ce7394dd5fa537dc04e1a56526\"},\"headline\":\"Obisk &#8220;La Subide&#8221; z nagrajenimi dijaki\",\"datePublished\":\"2022-09-05T07:45:33+00:00\",\"dateModified\":\"2022-09-05T07:54:38+00:00\",\"mainEntityOfPage\":{\"@id\":\"https:\/\/www.adformandum.org\/gita-premio-presso-la-subida-a-cormons\/\"},\"wordCount\":484,\"publisher\":{\"@id\":\"https:\/\/www.adformandum.org\/#organization\"},\"articleSection\":[\"Novice\"],\"inLanguage\":\"sl-SI\"},{\"@type\":\"WebPage\",\"@id\":\"https:\/\/www.adformandum.org\/gita-premio-presso-la-subida-a-cormons\/\",\"url\":\"https:\/\/www.adformandum.org\/gita-premio-presso-la-subida-a-cormons\/\",\"name\":\"Obisk \\\"La Subide\\\" z nagrajenimi dijaki - AD Formandum\",\"isPartOf\":{\"@id\":\"https:\/\/www.adformandum.org\/#website\"},\"datePublished\":\"2022-09-05T07:45:33+00:00\",\"dateModified\":\"2022-09-05T07:54:38+00:00\",\"description\":\"Gli allievi della scuola alberghiera allo Slofest a Trieste\",\"breadcrumb\":{\"@id\":\"https:\/\/www.adformandum.org\/gita-premio-presso-la-subida-a-cormons\/#breadcrumb\"},\"inLanguage\":\"sl-SI\",\"potentialAction\":[{\"@type\":\"ReadAction\",\"target\":[\"https:\/\/www.adformandum.org\/gita-premio-presso-la-subida-a-cormons\/\"]}]},{\"@type\":\"BreadcrumbList\",\"@id\":\"https:\/\/www.adformandum.org\/gita-premio-presso-la-subida-a-cormons\/#breadcrumb\",\"itemListElement\":[{\"@type\":\"ListItem\",\"position\":1,\"name\":\"Home\",\"item\":\"https:\/\/www.adformandum.org\/\"},{\"@type\":\"ListItem\",\"position\":2,\"name\":\"Gita premio presso &#8220;La Subida&#8221; a Corm\u00f2ns\"}]},{\"@type\":\"WebSite\",\"@id\":\"https:\/\/www.adformandum.org\/#website\",\"url\":\"https:\/\/www.adformandum.org\/\",\"name\":\"AD Formandum\",\"description\":\"impresa sociale - socialno podjetje\",\"publisher\":{\"@id\":\"https:\/\/www.adformandum.org\/#organization\"},\"potentialAction\":[{\"@type\":\"SearchAction\",\"target\":{\"@type\":\"EntryPoint\",\"urlTemplate\":\"https:\/\/www.adformandum.org\/?s={search_term_string}\"},\"query-input\":\"required name=search_term_string\"}],\"inLanguage\":\"sl-SI\"},{\"@type\":\"Organization\",\"@id\":\"https:\/\/www.adformandum.org\/#organization\",\"name\":\"AD Formandum\",\"url\":\"https:\/\/www.adformandum.org\/\",\"logo\":{\"@type\":\"ImageObject\",\"inLanguage\":\"sl-SI\",\"@id\":\"https:\/\/www.adformandum.org\/#\/schema\/logo\/image\/\",\"url\":\"https:\/\/www.adformandum.org\/wp-content\/uploads\/2019\/06\/logo-new.png\",\"contentUrl\":\"https:\/\/www.adformandum.org\/wp-content\/uploads\/2019\/06\/logo-new.png\",\"width\":330,\"height\":65,\"caption\":\"AD Formandum\"},\"image\":{\"@id\":\"https:\/\/www.adformandum.org\/#\/schema\/logo\/image\/\"},\"sameAs\":[\"https:\/\/www.facebook.com\/adformandum\/\",\"https:\/\/twitter.com\/AdFormandum\",\"https:\/\/www.linkedin.com\/company\/ad-formandum\"]},{\"@type\":\"Person\",\"@id\":\"https:\/\/www.adformandum.org\/#\/schema\/person\/0d25a1ce7394dd5fa537dc04e1a56526\",\"name\":\"Francesca Iancig\",\"image\":{\"@type\":\"ImageObject\",\"inLanguage\":\"sl-SI\",\"@id\":\"https:\/\/www.adformandum.org\/#\/schema\/person\/image\/\",\"url\":\"https:\/\/secure.gravatar.com\/avatar\/3f6f9aea4fc448c45fcd1dd487898e04?s=96&d=mm&r=g\",\"contentUrl\":\"https:\/\/secure.gravatar.com\/avatar\/3f6f9aea4fc448c45fcd1dd487898e04?s=96&d=mm&r=g\",\"caption\":\"Francesca Iancig\"}}]}<\/script>\n<!-- \/ Yoast SEO plugin. -->","yoast_head_json":{"title":"Obisk \"La Subide\" z nagrajenimi dijaki - AD Formandum","description":"Gli allievi della scuola alberghiera allo Slofest a Trieste","robots":{"index":"index","follow":"follow","max-snippet":"max-snippet:-1","max-image-preview":"max-image-preview:large","max-video-preview":"max-video-preview:-1"},"canonical":"https:\/\/www.adformandum.org\/gita-premio-presso-la-subida-a-cormons\/","og_locale":"sl_SI","og_type":"article","og_title":"Obisk \"La Subide\" z nagrajenimi dijaki - AD Formandum","og_description":"Gli allievi della scuola alberghiera allo Slofest a Trieste","og_url":"https:\/\/www.adformandum.org\/gita-premio-presso-la-subida-a-cormons\/","og_site_name":"AD Formandum","article_publisher":"https:\/\/www.facebook.com\/adformandum\/","article_published_time":"2022-09-05T07:45:33+00:00","article_modified_time":"2022-09-05T07:54:38+00:00","og_image":[{"width":1920,"height":1080,"url":"https:\/\/www.adformandum.org\/wp-content\/uploads\/2022\/09\/Progetto-senza-titolo-66.jpg","type":"image\/jpeg"}],"author":"Francesca Iancig","twitter_card":"summary_large_image","twitter_creator":"@AdFormandum","twitter_site":"@AdFormandum","twitter_misc":{"Written by":"Francesca Iancig","Est. reading time":"2 minuti"},"schema":{"@context":"https:\/\/schema.org","@graph":[{"@type":"Article","@id":"https:\/\/www.adformandum.org\/gita-premio-presso-la-subida-a-cormons\/#article","isPartOf":{"@id":"https:\/\/www.adformandum.org\/gita-premio-presso-la-subida-a-cormons\/"},"author":{"name":"Francesca Iancig","@id":"https:\/\/www.adformandum.org\/#\/schema\/person\/0d25a1ce7394dd5fa537dc04e1a56526"},"headline":"Obisk &#8220;La Subide&#8221; z nagrajenimi dijaki","datePublished":"2022-09-05T07:45:33+00:00","dateModified":"2022-09-05T07:54:38+00:00","mainEntityOfPage":{"@id":"https:\/\/www.adformandum.org\/gita-premio-presso-la-subida-a-cormons\/"},"wordCount":484,"publisher":{"@id":"https:\/\/www.adformandum.org\/#organization"},"articleSection":["Novice"],"inLanguage":"sl-SI"},{"@type":"WebPage","@id":"https:\/\/www.adformandum.org\/gita-premio-presso-la-subida-a-cormons\/","url":"https:\/\/www.adformandum.org\/gita-premio-presso-la-subida-a-cormons\/","name":"Obisk \"La Subide\" z nagrajenimi dijaki - AD Formandum","isPartOf":{"@id":"https:\/\/www.adformandum.org\/#website"},"datePublished":"2022-09-05T07:45:33+00:00","dateModified":"2022-09-05T07:54:38+00:00","description":"Gli allievi della scuola alberghiera allo Slofest a Trieste","breadcrumb":{"@id":"https:\/\/www.adformandum.org\/gita-premio-presso-la-subida-a-cormons\/#breadcrumb"},"inLanguage":"sl-SI","potentialAction":[{"@type":"ReadAction","target":["https:\/\/www.adformandum.org\/gita-premio-presso-la-subida-a-cormons\/"]}]},{"@type":"BreadcrumbList","@id":"https:\/\/www.adformandum.org\/gita-premio-presso-la-subida-a-cormons\/#breadcrumb","itemListElement":[{"@type":"ListItem","position":1,"name":"Home","item":"https:\/\/www.adformandum.org\/"},{"@type":"ListItem","position":2,"name":"Gita premio presso &#8220;La Subida&#8221; a Corm\u00f2ns"}]},{"@type":"WebSite","@id":"https:\/\/www.adformandum.org\/#website","url":"https:\/\/www.adformandum.org\/","name":"AD Formandum","description":"impresa sociale - socialno podjetje","publisher":{"@id":"https:\/\/www.adformandum.org\/#organization"},"potentialAction":[{"@type":"SearchAction","target":{"@type":"EntryPoint","urlTemplate":"https:\/\/www.adformandum.org\/?s={search_term_string}"},"query-input":"required name=search_term_string"}],"inLanguage":"sl-SI"},{"@type":"Organization","@id":"https:\/\/www.adformandum.org\/#organization","name":"AD Formandum","url":"https:\/\/www.adformandum.org\/","logo":{"@type":"ImageObject","inLanguage":"sl-SI","@id":"https:\/\/www.adformandum.org\/#\/schema\/logo\/image\/","url":"https:\/\/www.adformandum.org\/wp-content\/uploads\/2019\/06\/logo-new.png","contentUrl":"https:\/\/www.adformandum.org\/wp-content\/uploads\/2019\/06\/logo-new.png","width":330,"height":65,"caption":"AD Formandum"},"image":{"@id":"https:\/\/www.adformandum.org\/#\/schema\/logo\/image\/"},"sameAs":["https:\/\/www.facebook.com\/adformandum\/","https:\/\/twitter.com\/AdFormandum","https:\/\/www.linkedin.com\/company\/ad-formandum"]},{"@type":"Person","@id":"https:\/\/www.adformandum.org\/#\/schema\/person\/0d25a1ce7394dd5fa537dc04e1a56526","name":"Francesca Iancig","image":{"@type":"ImageObject","inLanguage":"sl-SI","@id":"https:\/\/www.adformandum.org\/#\/schema\/person\/image\/","url":"https:\/\/secure.gravatar.com\/avatar\/3f6f9aea4fc448c45fcd1dd487898e04?s=96&d=mm&r=g","contentUrl":"https:\/\/secure.gravatar.com\/avatar\/3f6f9aea4fc448c45fcd1dd487898e04?s=96&d=mm&r=g","caption":"Francesca Iancig"}}]}},"_links":{"self":[{"href":"https:\/\/www.adformandum.org\/si\/wp-json\/wp\/v2\/posts\/11332"}],"collection":[{"href":"https:\/\/www.adformandum.org\/si\/wp-json\/wp\/v2\/posts"}],"about":[{"href":"https:\/\/www.adformandum.org\/si\/wp-json\/wp\/v2\/types\/post"}],"author":[{"embeddable":true,"href":"https:\/\/www.adformandum.org\/si\/wp-json\/wp\/v2\/users\/4"}],"replies":[{"embeddable":true,"href":"https:\/\/www.adformandum.org\/si\/wp-json\/wp\/v2\/comments?post=11332"}],"version-history":[{"count":5,"href":"https:\/\/www.adformandum.org\/si\/wp-json\/wp\/v2\/posts\/11332\/revisions"}],"predecessor-version":[{"id":11338,"href":"https:\/\/www.adformandum.org\/si\/wp-json\/wp\/v2\/posts\/11332\/revisions\/11338"}],"wp:featuredmedia":[{"embeddable":true,"href":"https:\/\/www.adformandum.org\/si\/wp-json\/wp\/v2\/media\/11336"}],"wp:attachment":[{"href":"https:\/\/www.adformandum.org\/si\/wp-json\/wp\/v2\/media?parent=11332"}],"wp:term":[{"taxonomy":"category","embeddable":true,"href":"https:\/\/www.adformandum.org\/si\/wp-json\/wp\/v2\/categories?post=11332"},{"taxonomy":"post_tag","embeddable":true,"href":"https:\/\/www.adformandum.org\/si\/wp-json\/wp\/v2\/tags?post=11332"}],"curies":[{"name":"wp","href":"https:\/\/api.w.org\/{rel}","templated":true}]}}