{"id":19919,"date":"2024-01-10T11:08:06","date_gmt":"2024-01-10T10:08:06","guid":{"rendered":"https:\/\/www.adformandum.org\/?p=19919"},"modified":"2024-01-11T11:06:16","modified_gmt":"2024-01-11T10:06:16","slug":"inaugurazione","status":"publish","type":"post","link":"https:\/\/www.adformandum.org\/si\/inaugurazione\/","title":{"rendered":"Otvoritev novega laboratorija za gostinstvo"},"content":{"rendered":"<p><\/p>\n<h3 class=\"cvGsUA direction-ltr align-start para-style-body\"><span class=\"OYPEnA text-decoration-none text-strikethrough-none\">v ponedeljek, 29. januarja 2024, ob 16. uri<br \/>\nv prostorih Kinemaxa v Gorici (Travnik 41)<br \/>\n<\/span><\/h3>\n<p>&nbsp;<\/p>\n<div>\n<p><strong>16.00 ZA\u010cETNI POZDRAVI<\/strong><\/p>\n<div>\n<p><strong>Rodolfo Ziberna<\/strong> &#8211; \u017dupan Ob\u010dine Gorica<br \/>\n<strong>Tatjana Rojc<\/strong> &#8211; Senatorka<br \/>\n<strong>Mirjam Malalan<\/strong> &#8211; Predsednica AD FORMANDUMA<\/p>\n<\/div>\n<\/div>\n<div>\n<div style=\"height: 8px;\"><\/div>\n<p><strong>16.30 OKROGLA MIZA: IZOBRA\u017dEVALNA METODA BREZ SIMULACIJE, MED TEORIJO IN PRAKSO<\/strong><\/p>\n<div>\n<p><strong>Arduino Salatin<\/strong> &#8211; Redni profesor na \u201cIstituto Universitario Salesiano Venezia\u201d<br \/>\n<strong>Emmanuele Massagli<\/strong> &#8211; Raziskovalec na \u201cUniversit\u00e0 LUMSA di Roma\u201d<br \/>\n<strong>Massimo Peron<\/strong> &#8211; Direktor nacionalnega urada Fundacije Ciofs Fp ETS<br \/>\n<strong>Alessandro Infanti<\/strong> &#8211; Direktor AD FORMANDUMA<\/p>\n<\/div>\n<div>\n<div style=\"height: 8px;\"><\/div>\n<p><strong>17.30 ZAKLJU\u010cEK<\/strong><\/p>\n<div>\n<p><strong>Alessia Rosolen<\/strong> &#8211; De\u017eelna odbornica za delo, usposabljanje, izobra\u017eevanje, raziskovalno dejavnost, univerzo in dru\u017eino<\/p>\n<div>\n<div style=\"height: 8px;\"><\/div>\n<p><strong>18.00 OTVORITEV NOVEGA LABORATORIJA ZA GOSTINSTVO V UL. CARDUCCI 41<\/strong><\/p>\n<div>\n<p>Pogostitev v priredbi dijakov gostinske \u0161ole in aperitiv, ki ga ponujata podjetje <strong>Nonino<\/strong> in <strong>Zdru\u017eenje Proizvajalcev Rebule z Oslavja<\/strong><\/p>\n<div>\n<div style=\"height: 8px;\"><\/div>\n<p>Moderator dogodka bo novinarka <strong>Nada \u010cok<\/strong><\/p>\n<\/div>\n<p><img loading=\"lazy\" decoding=\"async\" class=\"alignnone wp-image-19924 size-large\" src=\"https:\/\/www.adformandum.org\/wp-content\/uploads\/2024\/01\/Senza-titolo-1920-x-250-px-1-1024x133.png\" alt=\"\" width=\"1024\" height=\"133\" srcset=\"https:\/\/www.adformandum.org\/wp-content\/uploads\/2024\/01\/Senza-titolo-1920-x-250-px-1-1024x133.png 1024w, https:\/\/www.adformandum.org\/wp-content\/uploads\/2024\/01\/Senza-titolo-1920-x-250-px-1-300x39.png 300w, https:\/\/www.adformandum.org\/wp-content\/uploads\/2024\/01\/Senza-titolo-1920-x-250-px-1-768x100.png 768w, https:\/\/www.adformandum.org\/wp-content\/uploads\/2024\/01\/Senza-titolo-1920-x-250-px-1-1536x200.png 1536w, https:\/\/www.adformandum.org\/wp-content\/uploads\/2024\/01\/Senza-titolo-1920-x-250-px-1.png 1920w\" sizes=\"(max-width: 1024px) 100vw, 1024px\" \/><\/p>\n<\/div>\n<\/div>\n<\/div>\n<\/div>\n<\/div>\n<p><\/p>","protected":false},"excerpt":{"rendered":"<p>v ponedeljek, 29. januarja 2024, ob 16. uri v prostorih Kinemaxa v Gorici (Travnik 41) &nbsp; 16.00 ZA\u010cETNI POZDRAVI Rodolfo Ziberna &#8211; \u017dupan Ob\u010dine Gorica Tatjana Rojc &#8211; Senatorka Mirjam Malalan &#8211; Predsednica AD FORMANDUMA 16.30 OKROGLA MIZA: IZOBRA\u017dEVALNA METODA BREZ SIMULACIJE, MED TEORIJO IN PRAKSO Arduino Salatin &#8211; Redni profesor na \u201cIstituto Universitario Salesiano Venezia\u201d [&hellip;]<\/p>\n","protected":false},"author":4,"featured_media":19922,"comment_status":"closed","ping_status":"open","sticky":false,"template":"","format":"gallery","meta":{"_mi_skip_tracking":false,"_monsterinsights_sitenote_active":false,"_monsterinsights_sitenote_note":"","_monsterinsights_sitenote_category":0,"footnotes":""},"categories":[221],"tags":[],"yoast_head":"<!-- This site is optimized with the Yoast SEO plugin v21.5 - https:\/\/yoast.com\/wordpress\/plugins\/seo\/ -->\n<title>Otvoritev novega laboratorija za gostinstvo - AD Formandum<\/title>\n<meta name=\"description\" content=\"Gli allievi della scuola alberghiera allo Slofest a Trieste\" \/>\n<meta name=\"robots\" content=\"index, follow, max-snippet:-1, max-image-preview:large, max-video-preview:-1\" \/>\n<link rel=\"canonical\" href=\"https:\/\/www.adformandum.org\/inaugurazione\/\" \/>\n<meta property=\"og:locale\" content=\"sl_SI\" \/>\n<meta property=\"og:type\" content=\"article\" \/>\n<meta property=\"og:title\" content=\"Otvoritev novega laboratorija za gostinstvo - AD Formandum\" \/>\n<meta property=\"og:description\" content=\"Gli allievi della scuola alberghiera allo Slofest a Trieste\" \/>\n<meta property=\"og:url\" content=\"https:\/\/www.adformandum.org\/inaugurazione\/\" \/>\n<meta property=\"og:site_name\" content=\"AD Formandum\" \/>\n<meta property=\"article:publisher\" content=\"https:\/\/www.facebook.com\/adformandum\/\" \/>\n<meta property=\"article:published_time\" content=\"2024-01-10T10:08:06+00:00\" \/>\n<meta property=\"article:modified_time\" content=\"2024-01-11T10:06:16+00:00\" \/>\n<meta property=\"og:image\" content=\"https:\/\/www.adformandum.org\/wp-content\/uploads\/2024\/01\/Progetto-senza-titolo-54.png\" \/>\n\t<meta property=\"og:image:width\" content=\"1920\" \/>\n\t<meta property=\"og:image:height\" content=\"1080\" \/>\n\t<meta property=\"og:image:type\" content=\"image\/png\" \/>\n<meta name=\"author\" content=\"Francesca Iancig\" \/>\n<meta name=\"twitter:card\" content=\"summary_large_image\" \/>\n<meta name=\"twitter:creator\" content=\"@AdFormandum\" \/>\n<meta name=\"twitter:site\" content=\"@AdFormandum\" \/>\n<meta name=\"twitter:label1\" content=\"Written by\" \/>\n\t<meta name=\"twitter:data1\" content=\"Francesca Iancig\" \/>\n\t<meta name=\"twitter:label2\" content=\"Est. reading time\" \/>\n\t<meta name=\"twitter:data2\" content=\"1 minuta\" \/>\n<script type=\"application\/ld+json\" class=\"yoast-schema-graph\">{\"@context\":\"https:\/\/schema.org\",\"@graph\":[{\"@type\":\"Article\",\"@id\":\"https:\/\/www.adformandum.org\/inaugurazione\/#article\",\"isPartOf\":{\"@id\":\"https:\/\/www.adformandum.org\/inaugurazione\/\"},\"author\":{\"name\":\"Francesca Iancig\",\"@id\":\"https:\/\/www.adformandum.org\/#\/schema\/person\/0d25a1ce7394dd5fa537dc04e1a56526\"},\"headline\":\"Otvoritev novega laboratorija za gostinstvo\",\"datePublished\":\"2024-01-10T10:08:06+00:00\",\"dateModified\":\"2024-01-11T10:06:16+00:00\",\"mainEntityOfPage\":{\"@id\":\"https:\/\/www.adformandum.org\/inaugurazione\/\"},\"wordCount\":291,\"publisher\":{\"@id\":\"https:\/\/www.adformandum.org\/#organization\"},\"articleSection\":[\"Novice\"],\"inLanguage\":\"sl-SI\"},{\"@type\":\"WebPage\",\"@id\":\"https:\/\/www.adformandum.org\/inaugurazione\/\",\"url\":\"https:\/\/www.adformandum.org\/inaugurazione\/\",\"name\":\"Otvoritev novega laboratorija za gostinstvo - AD Formandum\",\"isPartOf\":{\"@id\":\"https:\/\/www.adformandum.org\/#website\"},\"datePublished\":\"2024-01-10T10:08:06+00:00\",\"dateModified\":\"2024-01-11T10:06:16+00:00\",\"description\":\"Gli allievi della scuola alberghiera allo Slofest a Trieste\",\"breadcrumb\":{\"@id\":\"https:\/\/www.adformandum.org\/inaugurazione\/#breadcrumb\"},\"inLanguage\":\"sl-SI\",\"potentialAction\":[{\"@type\":\"ReadAction\",\"target\":[\"https:\/\/www.adformandum.org\/inaugurazione\/\"]}]},{\"@type\":\"BreadcrumbList\",\"@id\":\"https:\/\/www.adformandum.org\/inaugurazione\/#breadcrumb\",\"itemListElement\":[{\"@type\":\"ListItem\",\"position\":1,\"name\":\"Home\",\"item\":\"https:\/\/www.adformandum.org\/\"},{\"@type\":\"ListItem\",\"position\":2,\"name\":\"Inaugurazione del nuovo laboratorio di ristorazione AD FORMANDUM\"}]},{\"@type\":\"WebSite\",\"@id\":\"https:\/\/www.adformandum.org\/#website\",\"url\":\"https:\/\/www.adformandum.org\/\",\"name\":\"AD Formandum\",\"description\":\"impresa sociale - socialno podjetje\",\"publisher\":{\"@id\":\"https:\/\/www.adformandum.org\/#organization\"},\"potentialAction\":[{\"@type\":\"SearchAction\",\"target\":{\"@type\":\"EntryPoint\",\"urlTemplate\":\"https:\/\/www.adformandum.org\/?s={search_term_string}\"},\"query-input\":\"required name=search_term_string\"}],\"inLanguage\":\"sl-SI\"},{\"@type\":\"Organization\",\"@id\":\"https:\/\/www.adformandum.org\/#organization\",\"name\":\"AD Formandum\",\"url\":\"https:\/\/www.adformandum.org\/\",\"logo\":{\"@type\":\"ImageObject\",\"inLanguage\":\"sl-SI\",\"@id\":\"https:\/\/www.adformandum.org\/#\/schema\/logo\/image\/\",\"url\":\"https:\/\/www.adformandum.org\/wp-content\/uploads\/2019\/06\/logo-new.png\",\"contentUrl\":\"https:\/\/www.adformandum.org\/wp-content\/uploads\/2019\/06\/logo-new.png\",\"width\":330,\"height\":65,\"caption\":\"AD Formandum\"},\"image\":{\"@id\":\"https:\/\/www.adformandum.org\/#\/schema\/logo\/image\/\"},\"sameAs\":[\"https:\/\/www.facebook.com\/adformandum\/\",\"https:\/\/twitter.com\/AdFormandum\",\"https:\/\/www.linkedin.com\/company\/ad-formandum\"]},{\"@type\":\"Person\",\"@id\":\"https:\/\/www.adformandum.org\/#\/schema\/person\/0d25a1ce7394dd5fa537dc04e1a56526\",\"name\":\"Francesca Iancig\",\"image\":{\"@type\":\"ImageObject\",\"inLanguage\":\"sl-SI\",\"@id\":\"https:\/\/www.adformandum.org\/#\/schema\/person\/image\/\",\"url\":\"https:\/\/secure.gravatar.com\/avatar\/3f6f9aea4fc448c45fcd1dd487898e04?s=96&d=mm&r=g\",\"contentUrl\":\"https:\/\/secure.gravatar.com\/avatar\/3f6f9aea4fc448c45fcd1dd487898e04?s=96&d=mm&r=g\",\"caption\":\"Francesca Iancig\"}}]}<\/script>\n<!-- \/ Yoast SEO plugin. -->","yoast_head_json":{"title":"Otvoritev novega laboratorija za gostinstvo - AD Formandum","description":"Gli allievi della scuola alberghiera allo Slofest a Trieste","robots":{"index":"index","follow":"follow","max-snippet":"max-snippet:-1","max-image-preview":"max-image-preview:large","max-video-preview":"max-video-preview:-1"},"canonical":"https:\/\/www.adformandum.org\/inaugurazione\/","og_locale":"sl_SI","og_type":"article","og_title":"Otvoritev novega laboratorija za gostinstvo - AD Formandum","og_description":"Gli allievi della scuola alberghiera allo Slofest a Trieste","og_url":"https:\/\/www.adformandum.org\/inaugurazione\/","og_site_name":"AD Formandum","article_publisher":"https:\/\/www.facebook.com\/adformandum\/","article_published_time":"2024-01-10T10:08:06+00:00","article_modified_time":"2024-01-11T10:06:16+00:00","og_image":[{"width":1920,"height":1080,"url":"https:\/\/www.adformandum.org\/wp-content\/uploads\/2024\/01\/Progetto-senza-titolo-54.png","type":"image\/png"}],"author":"Francesca Iancig","twitter_card":"summary_large_image","twitter_creator":"@AdFormandum","twitter_site":"@AdFormandum","twitter_misc":{"Written by":"Francesca Iancig","Est. reading time":"1 minuta"},"schema":{"@context":"https:\/\/schema.org","@graph":[{"@type":"Article","@id":"https:\/\/www.adformandum.org\/inaugurazione\/#article","isPartOf":{"@id":"https:\/\/www.adformandum.org\/inaugurazione\/"},"author":{"name":"Francesca Iancig","@id":"https:\/\/www.adformandum.org\/#\/schema\/person\/0d25a1ce7394dd5fa537dc04e1a56526"},"headline":"Otvoritev novega laboratorija za gostinstvo","datePublished":"2024-01-10T10:08:06+00:00","dateModified":"2024-01-11T10:06:16+00:00","mainEntityOfPage":{"@id":"https:\/\/www.adformandum.org\/inaugurazione\/"},"wordCount":291,"publisher":{"@id":"https:\/\/www.adformandum.org\/#organization"},"articleSection":["Novice"],"inLanguage":"sl-SI"},{"@type":"WebPage","@id":"https:\/\/www.adformandum.org\/inaugurazione\/","url":"https:\/\/www.adformandum.org\/inaugurazione\/","name":"Otvoritev novega laboratorija za gostinstvo - AD Formandum","isPartOf":{"@id":"https:\/\/www.adformandum.org\/#website"},"datePublished":"2024-01-10T10:08:06+00:00","dateModified":"2024-01-11T10:06:16+00:00","description":"Gli allievi della scuola alberghiera allo Slofest a Trieste","breadcrumb":{"@id":"https:\/\/www.adformandum.org\/inaugurazione\/#breadcrumb"},"inLanguage":"sl-SI","potentialAction":[{"@type":"ReadAction","target":["https:\/\/www.adformandum.org\/inaugurazione\/"]}]},{"@type":"BreadcrumbList","@id":"https:\/\/www.adformandum.org\/inaugurazione\/#breadcrumb","itemListElement":[{"@type":"ListItem","position":1,"name":"Home","item":"https:\/\/www.adformandum.org\/"},{"@type":"ListItem","position":2,"name":"Inaugurazione del nuovo laboratorio di ristorazione AD FORMANDUM"}]},{"@type":"WebSite","@id":"https:\/\/www.adformandum.org\/#website","url":"https:\/\/www.adformandum.org\/","name":"AD Formandum","description":"impresa sociale - socialno podjetje","publisher":{"@id":"https:\/\/www.adformandum.org\/#organization"},"potentialAction":[{"@type":"SearchAction","target":{"@type":"EntryPoint","urlTemplate":"https:\/\/www.adformandum.org\/?s={search_term_string}"},"query-input":"required name=search_term_string"}],"inLanguage":"sl-SI"},{"@type":"Organization","@id":"https:\/\/www.adformandum.org\/#organization","name":"AD Formandum","url":"https:\/\/www.adformandum.org\/","logo":{"@type":"ImageObject","inLanguage":"sl-SI","@id":"https:\/\/www.adformandum.org\/#\/schema\/logo\/image\/","url":"https:\/\/www.adformandum.org\/wp-content\/uploads\/2019\/06\/logo-new.png","contentUrl":"https:\/\/www.adformandum.org\/wp-content\/uploads\/2019\/06\/logo-new.png","width":330,"height":65,"caption":"AD Formandum"},"image":{"@id":"https:\/\/www.adformandum.org\/#\/schema\/logo\/image\/"},"sameAs":["https:\/\/www.facebook.com\/adformandum\/","https:\/\/twitter.com\/AdFormandum","https:\/\/www.linkedin.com\/company\/ad-formandum"]},{"@type":"Person","@id":"https:\/\/www.adformandum.org\/#\/schema\/person\/0d25a1ce7394dd5fa537dc04e1a56526","name":"Francesca Iancig","image":{"@type":"ImageObject","inLanguage":"sl-SI","@id":"https:\/\/www.adformandum.org\/#\/schema\/person\/image\/","url":"https:\/\/secure.gravatar.com\/avatar\/3f6f9aea4fc448c45fcd1dd487898e04?s=96&d=mm&r=g","contentUrl":"https:\/\/secure.gravatar.com\/avatar\/3f6f9aea4fc448c45fcd1dd487898e04?s=96&d=mm&r=g","caption":"Francesca Iancig"}}]}},"_links":{"self":[{"href":"https:\/\/www.adformandum.org\/si\/wp-json\/wp\/v2\/posts\/19919"}],"collection":[{"href":"https:\/\/www.adformandum.org\/si\/wp-json\/wp\/v2\/posts"}],"about":[{"href":"https:\/\/www.adformandum.org\/si\/wp-json\/wp\/v2\/types\/post"}],"author":[{"embeddable":true,"href":"https:\/\/www.adformandum.org\/si\/wp-json\/wp\/v2\/users\/4"}],"replies":[{"embeddable":true,"href":"https:\/\/www.adformandum.org\/si\/wp-json\/wp\/v2\/comments?post=19919"}],"version-history":[{"count":18,"href":"https:\/\/www.adformandum.org\/si\/wp-json\/wp\/v2\/posts\/19919\/revisions"}],"predecessor-version":[{"id":19947,"href":"https:\/\/www.adformandum.org\/si\/wp-json\/wp\/v2\/posts\/19919\/revisions\/19947"}],"wp:featuredmedia":[{"embeddable":true,"href":"https:\/\/www.adformandum.org\/si\/wp-json\/wp\/v2\/media\/19922"}],"wp:attachment":[{"href":"https:\/\/www.adformandum.org\/si\/wp-json\/wp\/v2\/media?parent=19919"}],"wp:term":[{"taxonomy":"category","embeddable":true,"href":"https:\/\/www.adformandum.org\/si\/wp-json\/wp\/v2\/categories?post=19919"},{"taxonomy":"post_tag","embeddable":true,"href":"https:\/\/www.adformandum.org\/si\/wp-json\/wp\/v2\/tags?post=19919"}],"curies":[{"name":"wp","href":"https:\/\/api.w.org\/{rel}","templated":true}]}}