{"id":20311,"date":"2024-07-08T12:16:24","date_gmt":"2024-07-08T10:16:24","guid":{"rendered":"https:\/\/www.adformandum.org\/?p=20311"},"modified":"2024-07-08T12:33:46","modified_gmt":"2024-07-08T10:33:46","slug":"conclusione-anno-scolastico-2023-2024","status":"publish","type":"post","link":"https:\/\/www.adformandum.org\/si\/conclusione-anno-scolastico-2023-2024\/","title":{"rendered":"Zaklju\u010dek \u0161olskega leta 2023\/2024"},"content":{"rendered":"<p>Tudi na gostiski \u0161oli AD FORMANDUM se je zaklju\u010dilo \u0161olsko leto 2023\/2024. Za nami je pestro leto uspehov in zado\u0161\u010denja.<\/p>\n<p>Letos je na gostinski \u0161oli zaklju\u010dilo \u0161tudij 17 kuharjev, 6 natakarjev, 11 sla\u0161\u010di\u010darjev in 11 kuharskih mojstrov. Hvala vsem dijakom in mentorjem, ki so se ob rednem pouku izkazali na vsestranskih dogodkih in pogostitvah.<\/p>\n<p>Prijave za \u0161olsko leto 2024\/25 so \u017ee v teku. Vsi zainteresirani lahko kontaktirajo tajni\u0161tvi \u0161ole preko maila na\u00a0<a href=\"mailto:info@adformandum.org\" target=\"_blank\" rel=\"noopener\">info@adformandum.org<\/a>, na tel. 040 566360 (TS) &#8211; 0481 81826 (GO) in obi\u0161\u010dejo spletno stran\u00a0<a href=\"http:\/\/www.adformandum.org\/\" target=\"_blank\" rel=\"noopener\" data-saferedirecturl=\"https:\/\/www.google.com\/url?q=http:\/\/www.adformandum.org&amp;source=gmail&amp;ust=1720520077351000&amp;usg=AOvVaw1UzND4p7QQ3ag3RcEI0vsW\">www.adformandum.org<\/a>.<\/p>","protected":false},"excerpt":{"rendered":"<p>Tudi na gostiski \u0161oli AD FORMANDUM se je zaklju\u010dilo \u0161olsko leto 2023\/2024. Za nami je pestro leto uspehov in zado\u0161\u010denja. Letos je na gostinski \u0161oli zaklju\u010dilo \u0161tudij 17 kuharjev, 6 natakarjev, 11 sla\u0161\u010di\u010darjev in 11 kuharskih mojstrov. Hvala vsem dijakom in mentorjem, ki so se ob rednem pouku izkazali na vsestranskih dogodkih in pogostitvah. Prijave za [&hellip;]<\/p>\n","protected":false},"author":4,"featured_media":20314,"comment_status":"closed","ping_status":"open","sticky":false,"template":"","format":"gallery","meta":{"_mi_skip_tracking":false,"_monsterinsights_sitenote_active":false,"_monsterinsights_sitenote_note":"","_monsterinsights_sitenote_category":0,"footnotes":""},"categories":[221],"tags":[],"yoast_head":"<!-- This site is optimized with the Yoast SEO plugin v21.5 - https:\/\/yoast.com\/wordpress\/plugins\/seo\/ -->\n<title>Zaklju\u010dek \u0161olskega leta 2023\/2024 - AD Formandum<\/title>\n<meta name=\"description\" content=\"Gli allievi della scuola alberghiera allo Slofest a Trieste\" \/>\n<meta name=\"robots\" content=\"index, follow, max-snippet:-1, max-image-preview:large, max-video-preview:-1\" \/>\n<link rel=\"canonical\" href=\"https:\/\/www.adformandum.org\/conclusione-anno-scolastico-2023-2024\/\" \/>\n<meta property=\"og:locale\" content=\"sl_SI\" \/>\n<meta property=\"og:type\" content=\"article\" \/>\n<meta property=\"og:title\" content=\"Zaklju\u010dek \u0161olskega leta 2023\/2024 - AD Formandum\" \/>\n<meta property=\"og:description\" content=\"Gli allievi della scuola alberghiera allo Slofest a Trieste\" \/>\n<meta property=\"og:url\" content=\"https:\/\/www.adformandum.org\/conclusione-anno-scolastico-2023-2024\/\" \/>\n<meta property=\"og:site_name\" content=\"AD Formandum\" \/>\n<meta property=\"article:publisher\" content=\"https:\/\/www.facebook.com\/adformandum\/\" \/>\n<meta property=\"article:published_time\" content=\"2024-07-08T10:16:24+00:00\" \/>\n<meta property=\"article:modified_time\" content=\"2024-07-08T10:33:46+00:00\" \/>\n<meta property=\"og:image\" content=\"https:\/\/www.adformandum.org\/wp-content\/uploads\/2024\/07\/Progetto-senza-titolo-11-1024x576.png\" \/>\n\t<meta property=\"og:image:width\" content=\"1024\" \/>\n\t<meta property=\"og:image:height\" content=\"576\" \/>\n\t<meta property=\"og:image:type\" content=\"image\/png\" \/>\n<meta name=\"author\" content=\"Francesca Iancig\" \/>\n<meta name=\"twitter:card\" content=\"summary_large_image\" \/>\n<meta name=\"twitter:creator\" content=\"@AdFormandum\" \/>\n<meta name=\"twitter:site\" content=\"@AdFormandum\" \/>\n<meta name=\"twitter:label1\" content=\"Written by\" \/>\n\t<meta name=\"twitter:data1\" content=\"Francesca Iancig\" \/>\n\t<meta name=\"twitter:label2\" content=\"Est. reading time\" \/>\n\t<meta name=\"twitter:data2\" content=\"1 minuta\" \/>\n<script type=\"application\/ld+json\" class=\"yoast-schema-graph\">{\"@context\":\"https:\/\/schema.org\",\"@graph\":[{\"@type\":\"Article\",\"@id\":\"https:\/\/www.adformandum.org\/conclusione-anno-scolastico-2023-2024\/#article\",\"isPartOf\":{\"@id\":\"https:\/\/www.adformandum.org\/conclusione-anno-scolastico-2023-2024\/\"},\"author\":{\"name\":\"Francesca Iancig\",\"@id\":\"https:\/\/www.adformandum.org\/#\/schema\/person\/0d25a1ce7394dd5fa537dc04e1a56526\"},\"headline\":\"Zaklju\u010dek \u0161olskega leta 2023\/2024\",\"datePublished\":\"2024-07-08T10:16:24+00:00\",\"dateModified\":\"2024-07-08T10:33:46+00:00\",\"mainEntityOfPage\":{\"@id\":\"https:\/\/www.adformandum.org\/conclusione-anno-scolastico-2023-2024\/\"},\"wordCount\":188,\"publisher\":{\"@id\":\"https:\/\/www.adformandum.org\/#organization\"},\"articleSection\":[\"Novice\"],\"inLanguage\":\"sl-SI\"},{\"@type\":\"WebPage\",\"@id\":\"https:\/\/www.adformandum.org\/conclusione-anno-scolastico-2023-2024\/\",\"url\":\"https:\/\/www.adformandum.org\/conclusione-anno-scolastico-2023-2024\/\",\"name\":\"Zaklju\u010dek \u0161olskega leta 2023\/2024 - AD Formandum\",\"isPartOf\":{\"@id\":\"https:\/\/www.adformandum.org\/#website\"},\"datePublished\":\"2024-07-08T10:16:24+00:00\",\"dateModified\":\"2024-07-08T10:33:46+00:00\",\"description\":\"Gli allievi della scuola alberghiera allo Slofest a Trieste\",\"breadcrumb\":{\"@id\":\"https:\/\/www.adformandum.org\/conclusione-anno-scolastico-2023-2024\/#breadcrumb\"},\"inLanguage\":\"sl-SI\",\"potentialAction\":[{\"@type\":\"ReadAction\",\"target\":[\"https:\/\/www.adformandum.org\/conclusione-anno-scolastico-2023-2024\/\"]}]},{\"@type\":\"BreadcrumbList\",\"@id\":\"https:\/\/www.adformandum.org\/conclusione-anno-scolastico-2023-2024\/#breadcrumb\",\"itemListElement\":[{\"@type\":\"ListItem\",\"position\":1,\"name\":\"Home\",\"item\":\"https:\/\/www.adformandum.org\/\"},{\"@type\":\"ListItem\",\"position\":2,\"name\":\"Conclusione anno scolastico 2023\/2024\"}]},{\"@type\":\"WebSite\",\"@id\":\"https:\/\/www.adformandum.org\/#website\",\"url\":\"https:\/\/www.adformandum.org\/\",\"name\":\"AD Formandum\",\"description\":\"impresa sociale - socialno podjetje\",\"publisher\":{\"@id\":\"https:\/\/www.adformandum.org\/#organization\"},\"potentialAction\":[{\"@type\":\"SearchAction\",\"target\":{\"@type\":\"EntryPoint\",\"urlTemplate\":\"https:\/\/www.adformandum.org\/?s={search_term_string}\"},\"query-input\":\"required name=search_term_string\"}],\"inLanguage\":\"sl-SI\"},{\"@type\":\"Organization\",\"@id\":\"https:\/\/www.adformandum.org\/#organization\",\"name\":\"AD Formandum\",\"url\":\"https:\/\/www.adformandum.org\/\",\"logo\":{\"@type\":\"ImageObject\",\"inLanguage\":\"sl-SI\",\"@id\":\"https:\/\/www.adformandum.org\/#\/schema\/logo\/image\/\",\"url\":\"https:\/\/www.adformandum.org\/wp-content\/uploads\/2019\/06\/logo-new.png\",\"contentUrl\":\"https:\/\/www.adformandum.org\/wp-content\/uploads\/2019\/06\/logo-new.png\",\"width\":330,\"height\":65,\"caption\":\"AD Formandum\"},\"image\":{\"@id\":\"https:\/\/www.adformandum.org\/#\/schema\/logo\/image\/\"},\"sameAs\":[\"https:\/\/www.facebook.com\/adformandum\/\",\"https:\/\/twitter.com\/AdFormandum\",\"https:\/\/www.linkedin.com\/company\/ad-formandum\"]},{\"@type\":\"Person\",\"@id\":\"https:\/\/www.adformandum.org\/#\/schema\/person\/0d25a1ce7394dd5fa537dc04e1a56526\",\"name\":\"Francesca Iancig\",\"image\":{\"@type\":\"ImageObject\",\"inLanguage\":\"sl-SI\",\"@id\":\"https:\/\/www.adformandum.org\/#\/schema\/person\/image\/\",\"url\":\"https:\/\/secure.gravatar.com\/avatar\/3f6f9aea4fc448c45fcd1dd487898e04?s=96&d=mm&r=g\",\"contentUrl\":\"https:\/\/secure.gravatar.com\/avatar\/3f6f9aea4fc448c45fcd1dd487898e04?s=96&d=mm&r=g\",\"caption\":\"Francesca Iancig\"}}]}<\/script>\n<!-- \/ Yoast SEO plugin. -->","yoast_head_json":{"title":"Zaklju\u010dek \u0161olskega leta 2023\/2024 - AD Formandum","description":"Gli allievi della scuola alberghiera allo Slofest a Trieste","robots":{"index":"index","follow":"follow","max-snippet":"max-snippet:-1","max-image-preview":"max-image-preview:large","max-video-preview":"max-video-preview:-1"},"canonical":"https:\/\/www.adformandum.org\/conclusione-anno-scolastico-2023-2024\/","og_locale":"sl_SI","og_type":"article","og_title":"Zaklju\u010dek \u0161olskega leta 2023\/2024 - AD Formandum","og_description":"Gli allievi della scuola alberghiera allo Slofest a Trieste","og_url":"https:\/\/www.adformandum.org\/conclusione-anno-scolastico-2023-2024\/","og_site_name":"AD Formandum","article_publisher":"https:\/\/www.facebook.com\/adformandum\/","article_published_time":"2024-07-08T10:16:24+00:00","article_modified_time":"2024-07-08T10:33:46+00:00","og_image":[{"width":1024,"height":576,"url":"https:\/\/www.adformandum.org\/wp-content\/uploads\/2024\/07\/Progetto-senza-titolo-11-1024x576.png","type":"image\/png"}],"author":"Francesca Iancig","twitter_card":"summary_large_image","twitter_creator":"@AdFormandum","twitter_site":"@AdFormandum","twitter_misc":{"Written by":"Francesca Iancig","Est. reading time":"1 minuta"},"schema":{"@context":"https:\/\/schema.org","@graph":[{"@type":"Article","@id":"https:\/\/www.adformandum.org\/conclusione-anno-scolastico-2023-2024\/#article","isPartOf":{"@id":"https:\/\/www.adformandum.org\/conclusione-anno-scolastico-2023-2024\/"},"author":{"name":"Francesca Iancig","@id":"https:\/\/www.adformandum.org\/#\/schema\/person\/0d25a1ce7394dd5fa537dc04e1a56526"},"headline":"Zaklju\u010dek \u0161olskega leta 2023\/2024","datePublished":"2024-07-08T10:16:24+00:00","dateModified":"2024-07-08T10:33:46+00:00","mainEntityOfPage":{"@id":"https:\/\/www.adformandum.org\/conclusione-anno-scolastico-2023-2024\/"},"wordCount":188,"publisher":{"@id":"https:\/\/www.adformandum.org\/#organization"},"articleSection":["Novice"],"inLanguage":"sl-SI"},{"@type":"WebPage","@id":"https:\/\/www.adformandum.org\/conclusione-anno-scolastico-2023-2024\/","url":"https:\/\/www.adformandum.org\/conclusione-anno-scolastico-2023-2024\/","name":"Zaklju\u010dek \u0161olskega leta 2023\/2024 - AD Formandum","isPartOf":{"@id":"https:\/\/www.adformandum.org\/#website"},"datePublished":"2024-07-08T10:16:24+00:00","dateModified":"2024-07-08T10:33:46+00:00","description":"Gli allievi della scuola alberghiera allo Slofest a Trieste","breadcrumb":{"@id":"https:\/\/www.adformandum.org\/conclusione-anno-scolastico-2023-2024\/#breadcrumb"},"inLanguage":"sl-SI","potentialAction":[{"@type":"ReadAction","target":["https:\/\/www.adformandum.org\/conclusione-anno-scolastico-2023-2024\/"]}]},{"@type":"BreadcrumbList","@id":"https:\/\/www.adformandum.org\/conclusione-anno-scolastico-2023-2024\/#breadcrumb","itemListElement":[{"@type":"ListItem","position":1,"name":"Home","item":"https:\/\/www.adformandum.org\/"},{"@type":"ListItem","position":2,"name":"Conclusione anno scolastico 2023\/2024"}]},{"@type":"WebSite","@id":"https:\/\/www.adformandum.org\/#website","url":"https:\/\/www.adformandum.org\/","name":"AD Formandum","description":"impresa sociale - socialno podjetje","publisher":{"@id":"https:\/\/www.adformandum.org\/#organization"},"potentialAction":[{"@type":"SearchAction","target":{"@type":"EntryPoint","urlTemplate":"https:\/\/www.adformandum.org\/?s={search_term_string}"},"query-input":"required name=search_term_string"}],"inLanguage":"sl-SI"},{"@type":"Organization","@id":"https:\/\/www.adformandum.org\/#organization","name":"AD Formandum","url":"https:\/\/www.adformandum.org\/","logo":{"@type":"ImageObject","inLanguage":"sl-SI","@id":"https:\/\/www.adformandum.org\/#\/schema\/logo\/image\/","url":"https:\/\/www.adformandum.org\/wp-content\/uploads\/2019\/06\/logo-new.png","contentUrl":"https:\/\/www.adformandum.org\/wp-content\/uploads\/2019\/06\/logo-new.png","width":330,"height":65,"caption":"AD Formandum"},"image":{"@id":"https:\/\/www.adformandum.org\/#\/schema\/logo\/image\/"},"sameAs":["https:\/\/www.facebook.com\/adformandum\/","https:\/\/twitter.com\/AdFormandum","https:\/\/www.linkedin.com\/company\/ad-formandum"]},{"@type":"Person","@id":"https:\/\/www.adformandum.org\/#\/schema\/person\/0d25a1ce7394dd5fa537dc04e1a56526","name":"Francesca Iancig","image":{"@type":"ImageObject","inLanguage":"sl-SI","@id":"https:\/\/www.adformandum.org\/#\/schema\/person\/image\/","url":"https:\/\/secure.gravatar.com\/avatar\/3f6f9aea4fc448c45fcd1dd487898e04?s=96&d=mm&r=g","contentUrl":"https:\/\/secure.gravatar.com\/avatar\/3f6f9aea4fc448c45fcd1dd487898e04?s=96&d=mm&r=g","caption":"Francesca Iancig"}}]}},"_links":{"self":[{"href":"https:\/\/www.adformandum.org\/si\/wp-json\/wp\/v2\/posts\/20311"}],"collection":[{"href":"https:\/\/www.adformandum.org\/si\/wp-json\/wp\/v2\/posts"}],"about":[{"href":"https:\/\/www.adformandum.org\/si\/wp-json\/wp\/v2\/types\/post"}],"author":[{"embeddable":true,"href":"https:\/\/www.adformandum.org\/si\/wp-json\/wp\/v2\/users\/4"}],"replies":[{"embeddable":true,"href":"https:\/\/www.adformandum.org\/si\/wp-json\/wp\/v2\/comments?post=20311"}],"version-history":[{"count":2,"href":"https:\/\/www.adformandum.org\/si\/wp-json\/wp\/v2\/posts\/20311\/revisions"}],"predecessor-version":[{"id":20313,"href":"https:\/\/www.adformandum.org\/si\/wp-json\/wp\/v2\/posts\/20311\/revisions\/20313"}],"wp:featuredmedia":[{"embeddable":true,"href":"https:\/\/www.adformandum.org\/si\/wp-json\/wp\/v2\/media\/20314"}],"wp:attachment":[{"href":"https:\/\/www.adformandum.org\/si\/wp-json\/wp\/v2\/media?parent=20311"}],"wp:term":[{"taxonomy":"category","embeddable":true,"href":"https:\/\/www.adformandum.org\/si\/wp-json\/wp\/v2\/categories?post=20311"},{"taxonomy":"post_tag","embeddable":true,"href":"https:\/\/www.adformandum.org\/si\/wp-json\/wp\/v2\/tags?post=20311"}],"curies":[{"name":"wp","href":"https:\/\/api.w.org\/{rel}","templated":true}]}}