{"id":20335,"date":"2024-08-28T09:55:59","date_gmt":"2024-08-28T07:55:59","guid":{"rendered":"https:\/\/www.adformandum.org\/?p=20335"},"modified":"2024-08-28T11:27:01","modified_gmt":"2024-08-28T09:27:01","slug":"inizio-nuovo-anno-scolastico-2024-2025","status":"publish","type":"post","link":"https:\/\/www.adformandum.org\/si\/inizio-nuovo-anno-scolastico-2024-2025\/","title":{"rendered":"Za\u010detek novega \u0161olskega leta 2024-2025"},"content":{"rendered":"<p>Obvestilo star\u0161em:<\/p>\n<p>Obve\u0161\u010damo star\u0161e, v naslednjem tednu bodo potekala sre\u010danja posev\u010dena star\u0161em dijakov gostinske \u0161ole AD FORMANDUM. Spored sre\u010danj:<\/p>\n<p><strong>TRST<\/strong><\/p>\n<ul>\n<li>razredi s slovenskim u\u010dnim jezikom 02.09.2024 ob 16.30.<\/li>\n<\/ul>\n<p>Za\u010detek \u0161olskega leta 09.09.2024.<\/p>\n<ul>\n<li>1\u00b0 classe italiana: 02.09.2024 ore 17.30.<\/li>\n<li>2\u00b0 classe italiana: 03.09.2024 ore 16.30.<\/li>\n<li>3\u00b0 e 4\u00b0 classe italiana: 03.09.2024 ore 17.30.<\/li>\n<\/ul>\n<p>Za\u010detek \u0161olskega leta 11.09.2024.<\/p>\n<p>&nbsp;<\/p>\n<p><strong>GORICA<\/strong><\/p>\n<p>Sre\u010danja posve\u010dena star\u0161em bodo potekala 05.09.2024 s slede\u010dim sporedom:<\/p>\n<ul>\n<li>1\u00b0 razredi: od 16.00 do 17.00<\/li>\n<li>2\u00b0 razredi: od 17.00 do 18.00<\/li>\n<li>3\u00b0 in 4\u00b0 razredi: od 18.00 do 19.00<\/li>\n<\/ul>\n<p>Za\u010detek \u0161olskega leta 11.09.2024.<\/p>\n<p>Hvala za sodelovanje.<\/p>","protected":false},"excerpt":{"rendered":"<p>Obvestilo star\u0161em: Obve\u0161\u010damo star\u0161e, v naslednjem tednu bodo potekala sre\u010danja posev\u010dena star\u0161em dijakov gostinske \u0161ole AD FORMANDUM. Spored sre\u010danj: TRST razredi s slovenskim u\u010dnim jezikom 02.09.2024 ob 16.30. Za\u010detek \u0161olskega leta 09.09.2024. 1\u00b0 classe italiana: 02.09.2024 ore 17.30. 2\u00b0 classe italiana: 03.09.2024 ore 16.30. 3\u00b0 e 4\u00b0 classe italiana: 03.09.2024 ore 17.30. Za\u010detek \u0161olskega leta 11.09.2024. [&hellip;]<\/p>\n","protected":false},"author":4,"featured_media":8572,"comment_status":"closed","ping_status":"open","sticky":false,"template":"","format":"standard","meta":{"_mi_skip_tracking":false,"_monsterinsights_sitenote_active":false,"_monsterinsights_sitenote_note":"","_monsterinsights_sitenote_category":0,"footnotes":""},"categories":[221],"tags":[],"yoast_head":"<!-- This site is optimized with the Yoast SEO plugin v21.5 - https:\/\/yoast.com\/wordpress\/plugins\/seo\/ -->\n<title>Za\u010detek novega \u0161olskega leta 2024-2025 - AD Formandum<\/title>\n<meta name=\"robots\" content=\"index, follow, max-snippet:-1, max-image-preview:large, max-video-preview:-1\" \/>\n<link rel=\"canonical\" href=\"https:\/\/www.adformandum.org\/inizio-nuovo-anno-scolastico-2024-2025\/\" \/>\n<meta property=\"og:locale\" content=\"sl_SI\" \/>\n<meta property=\"og:type\" content=\"article\" \/>\n<meta property=\"og:title\" content=\"Za\u010detek novega \u0161olskega leta 2024-2025 - AD Formandum\" \/>\n<meta property=\"og:description\" content=\"Obvestilo star\u0161em: Obve\u0161\u010damo star\u0161e, v naslednjem tednu bodo potekala sre\u010danja posev\u010dena star\u0161em dijakov gostinske \u0161ole AD FORMANDUM. Spored sre\u010danj: TRST razredi s slovenskim u\u010dnim jezikom 02.09.2024 ob 16.30. Za\u010detek \u0161olskega leta 09.09.2024. 1\u00b0 classe italiana: 02.09.2024 ore 17.30. 2\u00b0 classe italiana: 03.09.2024 ore 16.30. 3\u00b0 e 4\u00b0 classe italiana: 03.09.2024 ore 17.30. Za\u010detek \u0161olskega leta 11.09.2024. [&hellip;]\" \/>\n<meta property=\"og:url\" content=\"https:\/\/www.adformandum.org\/inizio-nuovo-anno-scolastico-2024-2025\/\" \/>\n<meta property=\"og:site_name\" content=\"AD Formandum\" \/>\n<meta property=\"article:publisher\" content=\"https:\/\/www.facebook.com\/adformandum\/\" \/>\n<meta property=\"article:published_time\" content=\"2024-08-28T07:55:59+00:00\" \/>\n<meta property=\"article:modified_time\" content=\"2024-08-28T09:27:01+00:00\" \/>\n<meta property=\"og:image\" content=\"https:\/\/www.adformandum.org\/wp-content\/uploads\/2021\/09\/Progetto-senza-titolo-18.png\" \/>\n\t<meta property=\"og:image:width\" content=\"1920\" \/>\n\t<meta property=\"og:image:height\" content=\"1080\" \/>\n\t<meta property=\"og:image:type\" content=\"image\/png\" \/>\n<meta name=\"author\" content=\"Francesca Iancig\" \/>\n<meta name=\"twitter:card\" content=\"summary_large_image\" \/>\n<meta name=\"twitter:creator\" content=\"@AdFormandum\" \/>\n<meta name=\"twitter:site\" content=\"@AdFormandum\" \/>\n<meta name=\"twitter:label1\" content=\"Written by\" \/>\n\t<meta name=\"twitter:data1\" content=\"Francesca Iancig\" \/>\n\t<meta name=\"twitter:label2\" content=\"Est. reading time\" \/>\n\t<meta name=\"twitter:data2\" content=\"1 minuta\" \/>\n<script type=\"application\/ld+json\" class=\"yoast-schema-graph\">{\"@context\":\"https:\/\/schema.org\",\"@graph\":[{\"@type\":\"Article\",\"@id\":\"https:\/\/www.adformandum.org\/inizio-nuovo-anno-scolastico-2024-2025\/#article\",\"isPartOf\":{\"@id\":\"https:\/\/www.adformandum.org\/inizio-nuovo-anno-scolastico-2024-2025\/\"},\"author\":{\"name\":\"Francesca Iancig\",\"@id\":\"https:\/\/www.adformandum.org\/#\/schema\/person\/0d25a1ce7394dd5fa537dc04e1a56526\"},\"headline\":\"Za\u010detek novega \u0161olskega leta 2024-2025\",\"datePublished\":\"2024-08-28T07:55:59+00:00\",\"dateModified\":\"2024-08-28T09:27:01+00:00\",\"mainEntityOfPage\":{\"@id\":\"https:\/\/www.adformandum.org\/inizio-nuovo-anno-scolastico-2024-2025\/\"},\"wordCount\":183,\"publisher\":{\"@id\":\"https:\/\/www.adformandum.org\/#organization\"},\"articleSection\":[\"Novice\"],\"inLanguage\":\"sl-SI\"},{\"@type\":\"WebPage\",\"@id\":\"https:\/\/www.adformandum.org\/inizio-nuovo-anno-scolastico-2024-2025\/\",\"url\":\"https:\/\/www.adformandum.org\/inizio-nuovo-anno-scolastico-2024-2025\/\",\"name\":\"Za\u010detek novega \u0161olskega leta 2024-2025 - AD Formandum\",\"isPartOf\":{\"@id\":\"https:\/\/www.adformandum.org\/#website\"},\"datePublished\":\"2024-08-28T07:55:59+00:00\",\"dateModified\":\"2024-08-28T09:27:01+00:00\",\"breadcrumb\":{\"@id\":\"https:\/\/www.adformandum.org\/inizio-nuovo-anno-scolastico-2024-2025\/#breadcrumb\"},\"inLanguage\":\"sl-SI\",\"potentialAction\":[{\"@type\":\"ReadAction\",\"target\":[\"https:\/\/www.adformandum.org\/inizio-nuovo-anno-scolastico-2024-2025\/\"]}]},{\"@type\":\"BreadcrumbList\",\"@id\":\"https:\/\/www.adformandum.org\/inizio-nuovo-anno-scolastico-2024-2025\/#breadcrumb\",\"itemListElement\":[{\"@type\":\"ListItem\",\"position\":1,\"name\":\"Home\",\"item\":\"https:\/\/www.adformandum.org\/\"},{\"@type\":\"ListItem\",\"position\":2,\"name\":\"Inizio nuovo anno scolastico 2024-2025\"}]},{\"@type\":\"WebSite\",\"@id\":\"https:\/\/www.adformandum.org\/#website\",\"url\":\"https:\/\/www.adformandum.org\/\",\"name\":\"AD Formandum\",\"description\":\"impresa sociale - socialno podjetje\",\"publisher\":{\"@id\":\"https:\/\/www.adformandum.org\/#organization\"},\"potentialAction\":[{\"@type\":\"SearchAction\",\"target\":{\"@type\":\"EntryPoint\",\"urlTemplate\":\"https:\/\/www.adformandum.org\/?s={search_term_string}\"},\"query-input\":\"required name=search_term_string\"}],\"inLanguage\":\"sl-SI\"},{\"@type\":\"Organization\",\"@id\":\"https:\/\/www.adformandum.org\/#organization\",\"name\":\"AD Formandum\",\"url\":\"https:\/\/www.adformandum.org\/\",\"logo\":{\"@type\":\"ImageObject\",\"inLanguage\":\"sl-SI\",\"@id\":\"https:\/\/www.adformandum.org\/#\/schema\/logo\/image\/\",\"url\":\"https:\/\/www.adformandum.org\/wp-content\/uploads\/2019\/06\/logo-new.png\",\"contentUrl\":\"https:\/\/www.adformandum.org\/wp-content\/uploads\/2019\/06\/logo-new.png\",\"width\":330,\"height\":65,\"caption\":\"AD Formandum\"},\"image\":{\"@id\":\"https:\/\/www.adformandum.org\/#\/schema\/logo\/image\/\"},\"sameAs\":[\"https:\/\/www.facebook.com\/adformandum\/\",\"https:\/\/twitter.com\/AdFormandum\",\"https:\/\/www.linkedin.com\/company\/ad-formandum\"]},{\"@type\":\"Person\",\"@id\":\"https:\/\/www.adformandum.org\/#\/schema\/person\/0d25a1ce7394dd5fa537dc04e1a56526\",\"name\":\"Francesca Iancig\",\"image\":{\"@type\":\"ImageObject\",\"inLanguage\":\"sl-SI\",\"@id\":\"https:\/\/www.adformandum.org\/#\/schema\/person\/image\/\",\"url\":\"https:\/\/secure.gravatar.com\/avatar\/3f6f9aea4fc448c45fcd1dd487898e04?s=96&d=mm&r=g\",\"contentUrl\":\"https:\/\/secure.gravatar.com\/avatar\/3f6f9aea4fc448c45fcd1dd487898e04?s=96&d=mm&r=g\",\"caption\":\"Francesca Iancig\"}}]}<\/script>\n<!-- \/ Yoast SEO plugin. -->","yoast_head_json":{"title":"Za\u010detek novega \u0161olskega leta 2024-2025 - AD Formandum","robots":{"index":"index","follow":"follow","max-snippet":"max-snippet:-1","max-image-preview":"max-image-preview:large","max-video-preview":"max-video-preview:-1"},"canonical":"https:\/\/www.adformandum.org\/inizio-nuovo-anno-scolastico-2024-2025\/","og_locale":"sl_SI","og_type":"article","og_title":"Za\u010detek novega \u0161olskega leta 2024-2025 - AD Formandum","og_description":"Obvestilo star\u0161em: Obve\u0161\u010damo star\u0161e, v naslednjem tednu bodo potekala sre\u010danja posev\u010dena star\u0161em dijakov gostinske \u0161ole AD FORMANDUM. Spored sre\u010danj: TRST razredi s slovenskim u\u010dnim jezikom 02.09.2024 ob 16.30. Za\u010detek \u0161olskega leta 09.09.2024. 1\u00b0 classe italiana: 02.09.2024 ore 17.30. 2\u00b0 classe italiana: 03.09.2024 ore 16.30. 3\u00b0 e 4\u00b0 classe italiana: 03.09.2024 ore 17.30. Za\u010detek \u0161olskega leta 11.09.2024. [&hellip;]","og_url":"https:\/\/www.adformandum.org\/inizio-nuovo-anno-scolastico-2024-2025\/","og_site_name":"AD Formandum","article_publisher":"https:\/\/www.facebook.com\/adformandum\/","article_published_time":"2024-08-28T07:55:59+00:00","article_modified_time":"2024-08-28T09:27:01+00:00","og_image":[{"width":1920,"height":1080,"url":"https:\/\/www.adformandum.org\/wp-content\/uploads\/2021\/09\/Progetto-senza-titolo-18.png","type":"image\/png"}],"author":"Francesca Iancig","twitter_card":"summary_large_image","twitter_creator":"@AdFormandum","twitter_site":"@AdFormandum","twitter_misc":{"Written by":"Francesca Iancig","Est. reading time":"1 minuta"},"schema":{"@context":"https:\/\/schema.org","@graph":[{"@type":"Article","@id":"https:\/\/www.adformandum.org\/inizio-nuovo-anno-scolastico-2024-2025\/#article","isPartOf":{"@id":"https:\/\/www.adformandum.org\/inizio-nuovo-anno-scolastico-2024-2025\/"},"author":{"name":"Francesca Iancig","@id":"https:\/\/www.adformandum.org\/#\/schema\/person\/0d25a1ce7394dd5fa537dc04e1a56526"},"headline":"Za\u010detek novega \u0161olskega leta 2024-2025","datePublished":"2024-08-28T07:55:59+00:00","dateModified":"2024-08-28T09:27:01+00:00","mainEntityOfPage":{"@id":"https:\/\/www.adformandum.org\/inizio-nuovo-anno-scolastico-2024-2025\/"},"wordCount":183,"publisher":{"@id":"https:\/\/www.adformandum.org\/#organization"},"articleSection":["Novice"],"inLanguage":"sl-SI"},{"@type":"WebPage","@id":"https:\/\/www.adformandum.org\/inizio-nuovo-anno-scolastico-2024-2025\/","url":"https:\/\/www.adformandum.org\/inizio-nuovo-anno-scolastico-2024-2025\/","name":"Za\u010detek novega \u0161olskega leta 2024-2025 - AD Formandum","isPartOf":{"@id":"https:\/\/www.adformandum.org\/#website"},"datePublished":"2024-08-28T07:55:59+00:00","dateModified":"2024-08-28T09:27:01+00:00","breadcrumb":{"@id":"https:\/\/www.adformandum.org\/inizio-nuovo-anno-scolastico-2024-2025\/#breadcrumb"},"inLanguage":"sl-SI","potentialAction":[{"@type":"ReadAction","target":["https:\/\/www.adformandum.org\/inizio-nuovo-anno-scolastico-2024-2025\/"]}]},{"@type":"BreadcrumbList","@id":"https:\/\/www.adformandum.org\/inizio-nuovo-anno-scolastico-2024-2025\/#breadcrumb","itemListElement":[{"@type":"ListItem","position":1,"name":"Home","item":"https:\/\/www.adformandum.org\/"},{"@type":"ListItem","position":2,"name":"Inizio nuovo anno scolastico 2024-2025"}]},{"@type":"WebSite","@id":"https:\/\/www.adformandum.org\/#website","url":"https:\/\/www.adformandum.org\/","name":"AD Formandum","description":"impresa sociale - socialno podjetje","publisher":{"@id":"https:\/\/www.adformandum.org\/#organization"},"potentialAction":[{"@type":"SearchAction","target":{"@type":"EntryPoint","urlTemplate":"https:\/\/www.adformandum.org\/?s={search_term_string}"},"query-input":"required name=search_term_string"}],"inLanguage":"sl-SI"},{"@type":"Organization","@id":"https:\/\/www.adformandum.org\/#organization","name":"AD Formandum","url":"https:\/\/www.adformandum.org\/","logo":{"@type":"ImageObject","inLanguage":"sl-SI","@id":"https:\/\/www.adformandum.org\/#\/schema\/logo\/image\/","url":"https:\/\/www.adformandum.org\/wp-content\/uploads\/2019\/06\/logo-new.png","contentUrl":"https:\/\/www.adformandum.org\/wp-content\/uploads\/2019\/06\/logo-new.png","width":330,"height":65,"caption":"AD Formandum"},"image":{"@id":"https:\/\/www.adformandum.org\/#\/schema\/logo\/image\/"},"sameAs":["https:\/\/www.facebook.com\/adformandum\/","https:\/\/twitter.com\/AdFormandum","https:\/\/www.linkedin.com\/company\/ad-formandum"]},{"@type":"Person","@id":"https:\/\/www.adformandum.org\/#\/schema\/person\/0d25a1ce7394dd5fa537dc04e1a56526","name":"Francesca Iancig","image":{"@type":"ImageObject","inLanguage":"sl-SI","@id":"https:\/\/www.adformandum.org\/#\/schema\/person\/image\/","url":"https:\/\/secure.gravatar.com\/avatar\/3f6f9aea4fc448c45fcd1dd487898e04?s=96&d=mm&r=g","contentUrl":"https:\/\/secure.gravatar.com\/avatar\/3f6f9aea4fc448c45fcd1dd487898e04?s=96&d=mm&r=g","caption":"Francesca Iancig"}}]}},"_links":{"self":[{"href":"https:\/\/www.adformandum.org\/si\/wp-json\/wp\/v2\/posts\/20335"}],"collection":[{"href":"https:\/\/www.adformandum.org\/si\/wp-json\/wp\/v2\/posts"}],"about":[{"href":"https:\/\/www.adformandum.org\/si\/wp-json\/wp\/v2\/types\/post"}],"author":[{"embeddable":true,"href":"https:\/\/www.adformandum.org\/si\/wp-json\/wp\/v2\/users\/4"}],"replies":[{"embeddable":true,"href":"https:\/\/www.adformandum.org\/si\/wp-json\/wp\/v2\/comments?post=20335"}],"version-history":[{"count":8,"href":"https:\/\/www.adformandum.org\/si\/wp-json\/wp\/v2\/posts\/20335\/revisions"}],"predecessor-version":[{"id":20347,"href":"https:\/\/www.adformandum.org\/si\/wp-json\/wp\/v2\/posts\/20335\/revisions\/20347"}],"wp:featuredmedia":[{"embeddable":true,"href":"https:\/\/www.adformandum.org\/si\/wp-json\/wp\/v2\/media\/8572"}],"wp:attachment":[{"href":"https:\/\/www.adformandum.org\/si\/wp-json\/wp\/v2\/media?parent=20335"}],"wp:term":[{"taxonomy":"category","embeddable":true,"href":"https:\/\/www.adformandum.org\/si\/wp-json\/wp\/v2\/categories?post=20335"},{"taxonomy":"post_tag","embeddable":true,"href":"https:\/\/www.adformandum.org\/si\/wp-json\/wp\/v2\/tags?post=20335"}],"curies":[{"name":"wp","href":"https:\/\/api.w.org\/{rel}","templated":true}]}}