{"id":5347,"date":"2019-07-09T11:14:54","date_gmt":"2019-07-09T09:14:54","guid":{"rendered":"http:\/\/php-5.4.30.vps24.moodem.it\/adf\/?p=5347"},"modified":"2019-07-30T14:06:42","modified_gmt":"2019-07-30T12:06:42","slug":"iscrizioni-aperte-per-corsi-settore-ristorazione","status":"publish","type":"post","link":"https:\/\/www.adformandum.org\/si\/iscrizioni-aperte-per-corsi-settore-ristorazione\/","title":{"rendered":"Vpisujemo na te\u010daje poklicnega izobra\u017eevanja in usposabljanja za mlade"},"content":{"rendered":"<p>Vpisujemo na te\u010daje poklicnega izobra\u017eevanja in usposabljanja Kuhar in Natakar. Tako v Trstu kot v Gorici so na razpolago \u0161e prosta vpisna mesta za obiskovanje poklicnih te\u010dajev iz podro\u010dja gostinstva. Na te programe se lahko vpi\u0161ejo mladi od 14.do 18.leta starosti.<\/p>\n<p>Tajni\u0161tvo na obeh sede\u017eih je odprto med 8.00 in 14.00 uro.<\/p>","protected":false},"excerpt":{"rendered":"<p>Vpisujemo na te\u010daje poklicnega izobra\u017eevanja in usposabljanja Kuhar in Natakar. Tako v Trstu kot v Gorici so na razpolago \u0161e prosta vpisna mesta za obiskovanje poklicnih te\u010dajev iz podro\u010dja gostinstva. Na te programe se lahko vpi\u0161ejo mladi od 14.do 18.leta starosti. Tajni\u0161tvo na obeh sede\u017eih je odprto med 8.00 in 14.00 uro.<\/p>\n","protected":false},"author":1,"featured_media":5419,"comment_status":"open","ping_status":"open","sticky":false,"template":"","format":"standard","meta":{"_mi_skip_tracking":false,"_monsterinsights_sitenote_active":false,"_monsterinsights_sitenote_note":"","_monsterinsights_sitenote_category":0,"footnotes":""},"categories":[221],"tags":[],"yoast_head":"<!-- This site is optimized with the Yoast SEO plugin v21.5 - https:\/\/yoast.com\/wordpress\/plugins\/seo\/ -->\n<title>(Italiano) Iscrizioni 2019\/20 aperte per corsi nel settore della ristorazione - AD Formandum<\/title>\n<meta name=\"description\" content=\"(Italiano) Iscrizioni 2019\/20 aperte per i corsi di Cuoco e Cameriere di Sala e Bar a Gorizia a Trieste. Scopri subito i corsi ed effettua l&#039;iscrizione!\" \/>\n<meta name=\"robots\" content=\"index, follow, max-snippet:-1, max-image-preview:large, max-video-preview:-1\" \/>\n<link rel=\"canonical\" href=\"https:\/\/www.adformandum.org\/si\/iscrizioni-aperte-per-corsi-settore-ristorazione\/\" \/>\n<meta property=\"og:locale\" content=\"sl_SI\" \/>\n<meta property=\"og:type\" content=\"article\" \/>\n<meta property=\"og:title\" content=\"(Italiano) Iscrizioni 2019\/20 aperte per corsi nel settore della ristorazione - AD Formandum\" \/>\n<meta property=\"og:description\" content=\"(Italiano) Iscrizioni 2019\/20 aperte per i corsi di Cuoco e Cameriere di Sala e Bar a Gorizia a Trieste. Scopri subito i corsi ed effettua l&#039;iscrizione!\" \/>\n<meta property=\"og:url\" content=\"https:\/\/www.adformandum.org\/si\/iscrizioni-aperte-per-corsi-settore-ristorazione\/\" \/>\n<meta property=\"og:site_name\" content=\"AD Formandum\" \/>\n<meta property=\"article:publisher\" content=\"https:\/\/www.facebook.com\/adformandum\/\" \/>\n<meta property=\"article:published_time\" content=\"2019-07-09T09:14:54+00:00\" \/>\n<meta property=\"article:modified_time\" content=\"2019-07-30T12:06:42+00:00\" \/>\n<meta property=\"og:image\" content=\"https:\/\/www.adformandum.org\/wp-content\/uploads\/2019\/07\/news-alberghiera.jpg\" \/>\n\t<meta property=\"og:image:width\" content=\"1000\" \/>\n\t<meta property=\"og:image:height\" content=\"696\" \/>\n\t<meta property=\"og:image:type\" content=\"image\/jpeg\" \/>\n<meta name=\"author\" content=\"admin\" \/>\n<meta name=\"twitter:card\" content=\"summary_large_image\" \/>\n<meta name=\"twitter:creator\" content=\"@AdFormandum\" \/>\n<meta name=\"twitter:site\" content=\"@AdFormandum\" \/>\n<meta name=\"twitter:label1\" content=\"Written by\" \/>\n\t<meta name=\"twitter:data1\" content=\"admin\" \/>\n\t<meta name=\"twitter:label2\" content=\"Est. reading time\" \/>\n\t<meta name=\"twitter:data2\" content=\"1 minuta\" \/>\n<script type=\"application\/ld+json\" class=\"yoast-schema-graph\">{\"@context\":\"https:\/\/schema.org\",\"@graph\":[{\"@type\":\"Article\",\"@id\":\"https:\/\/www.adformandum.org\/si\/iscrizioni-aperte-per-corsi-settore-ristorazione\/#article\",\"isPartOf\":{\"@id\":\"https:\/\/www.adformandum.org\/si\/iscrizioni-aperte-per-corsi-settore-ristorazione\/\"},\"author\":{\"name\":\"admin\",\"@id\":\"https:\/\/www.adformandum.org\/#\/schema\/person\/ef4ad2d1d609289de763e7c724c23f5e\"},\"headline\":\"Vpisujemo na te\u010daje poklicnega izobra\u017eevanja in usposabljanja za mlade\",\"datePublished\":\"2019-07-09T09:14:54+00:00\",\"dateModified\":\"2019-07-30T12:06:42+00:00\",\"mainEntityOfPage\":{\"@id\":\"https:\/\/www.adformandum.org\/si\/iscrizioni-aperte-per-corsi-settore-ristorazione\/\"},\"wordCount\":131,\"commentCount\":0,\"publisher\":{\"@id\":\"https:\/\/www.adformandum.org\/#organization\"},\"articleSection\":[\"Novice\"],\"inLanguage\":\"sl-SI\",\"potentialAction\":[{\"@type\":\"CommentAction\",\"name\":\"Comment\",\"target\":[\"https:\/\/www.adformandum.org\/si\/iscrizioni-aperte-per-corsi-settore-ristorazione\/#respond\"]}]},{\"@type\":\"WebPage\",\"@id\":\"https:\/\/www.adformandum.org\/si\/iscrizioni-aperte-per-corsi-settore-ristorazione\/\",\"url\":\"https:\/\/www.adformandum.org\/si\/iscrizioni-aperte-per-corsi-settore-ristorazione\/\",\"name\":\"(Italiano) Iscrizioni 2019\/20 aperte per corsi nel settore della ristorazione - AD Formandum\",\"isPartOf\":{\"@id\":\"https:\/\/www.adformandum.org\/#website\"},\"datePublished\":\"2019-07-09T09:14:54+00:00\",\"dateModified\":\"2019-07-30T12:06:42+00:00\",\"description\":\"(Italiano) Iscrizioni 2019\/20 aperte per i corsi di Cuoco e Cameriere di Sala e Bar a Gorizia a Trieste. Scopri subito i corsi ed effettua l'iscrizione!\",\"breadcrumb\":{\"@id\":\"https:\/\/www.adformandum.org\/si\/iscrizioni-aperte-per-corsi-settore-ristorazione\/#breadcrumb\"},\"inLanguage\":\"sl-SI\",\"potentialAction\":[{\"@type\":\"ReadAction\",\"target\":[\"https:\/\/www.adformandum.org\/si\/iscrizioni-aperte-per-corsi-settore-ristorazione\/\"]}]},{\"@type\":\"BreadcrumbList\",\"@id\":\"https:\/\/www.adformandum.org\/si\/iscrizioni-aperte-per-corsi-settore-ristorazione\/#breadcrumb\",\"itemListElement\":[{\"@type\":\"ListItem\",\"position\":1,\"name\":\"Home\",\"item\":\"https:\/\/www.adformandum.org\/\"},{\"@type\":\"ListItem\",\"position\":2,\"name\":\"Vpisujemo na te\u010daje poklicnega izobra\u017eevanja in usposabljanja za mlade\"}]},{\"@type\":\"WebSite\",\"@id\":\"https:\/\/www.adformandum.org\/#website\",\"url\":\"https:\/\/www.adformandum.org\/\",\"name\":\"AD Formandum\",\"description\":\"impresa sociale - socialno podjetje\",\"publisher\":{\"@id\":\"https:\/\/www.adformandum.org\/#organization\"},\"potentialAction\":[{\"@type\":\"SearchAction\",\"target\":{\"@type\":\"EntryPoint\",\"urlTemplate\":\"https:\/\/www.adformandum.org\/?s={search_term_string}\"},\"query-input\":\"required name=search_term_string\"}],\"inLanguage\":\"sl-SI\"},{\"@type\":\"Organization\",\"@id\":\"https:\/\/www.adformandum.org\/#organization\",\"name\":\"AD Formandum\",\"url\":\"https:\/\/www.adformandum.org\/\",\"logo\":{\"@type\":\"ImageObject\",\"inLanguage\":\"sl-SI\",\"@id\":\"https:\/\/www.adformandum.org\/#\/schema\/logo\/image\/\",\"url\":\"https:\/\/www.adformandum.org\/wp-content\/uploads\/2019\/06\/logo-new.png\",\"contentUrl\":\"https:\/\/www.adformandum.org\/wp-content\/uploads\/2019\/06\/logo-new.png\",\"width\":330,\"height\":65,\"caption\":\"AD Formandum\"},\"image\":{\"@id\":\"https:\/\/www.adformandum.org\/#\/schema\/logo\/image\/\"},\"sameAs\":[\"https:\/\/www.facebook.com\/adformandum\/\",\"https:\/\/twitter.com\/AdFormandum\",\"https:\/\/www.linkedin.com\/company\/ad-formandum\"]},{\"@type\":\"Person\",\"@id\":\"https:\/\/www.adformandum.org\/#\/schema\/person\/ef4ad2d1d609289de763e7c724c23f5e\",\"name\":\"admin\",\"image\":{\"@type\":\"ImageObject\",\"inLanguage\":\"sl-SI\",\"@id\":\"https:\/\/www.adformandum.org\/#\/schema\/person\/image\/\",\"url\":\"https:\/\/secure.gravatar.com\/avatar\/50764a7e59a752cfca7707935036bdbb?s=96&d=mm&r=g\",\"contentUrl\":\"https:\/\/secure.gravatar.com\/avatar\/50764a7e59a752cfca7707935036bdbb?s=96&d=mm&r=g\",\"caption\":\"admin\"}}]}<\/script>\n<!-- \/ Yoast SEO plugin. -->","yoast_head_json":{"title":"(Italiano) Iscrizioni 2019\/20 aperte per corsi nel settore della ristorazione - AD Formandum","description":"(Italiano) Iscrizioni 2019\/20 aperte per i corsi di Cuoco e Cameriere di Sala e Bar a Gorizia a Trieste. Scopri subito i corsi ed effettua l'iscrizione!","robots":{"index":"index","follow":"follow","max-snippet":"max-snippet:-1","max-image-preview":"max-image-preview:large","max-video-preview":"max-video-preview:-1"},"canonical":"https:\/\/www.adformandum.org\/si\/iscrizioni-aperte-per-corsi-settore-ristorazione\/","og_locale":"sl_SI","og_type":"article","og_title":"(Italiano) Iscrizioni 2019\/20 aperte per corsi nel settore della ristorazione - AD Formandum","og_description":"(Italiano) Iscrizioni 2019\/20 aperte per i corsi di Cuoco e Cameriere di Sala e Bar a Gorizia a Trieste. Scopri subito i corsi ed effettua l'iscrizione!","og_url":"https:\/\/www.adformandum.org\/si\/iscrizioni-aperte-per-corsi-settore-ristorazione\/","og_site_name":"AD Formandum","article_publisher":"https:\/\/www.facebook.com\/adformandum\/","article_published_time":"2019-07-09T09:14:54+00:00","article_modified_time":"2019-07-30T12:06:42+00:00","og_image":[{"width":1000,"height":696,"url":"https:\/\/www.adformandum.org\/wp-content\/uploads\/2019\/07\/news-alberghiera.jpg","type":"image\/jpeg"}],"author":"admin","twitter_card":"summary_large_image","twitter_creator":"@AdFormandum","twitter_site":"@AdFormandum","twitter_misc":{"Written by":"admin","Est. reading time":"1 minuta"},"schema":{"@context":"https:\/\/schema.org","@graph":[{"@type":"Article","@id":"https:\/\/www.adformandum.org\/si\/iscrizioni-aperte-per-corsi-settore-ristorazione\/#article","isPartOf":{"@id":"https:\/\/www.adformandum.org\/si\/iscrizioni-aperte-per-corsi-settore-ristorazione\/"},"author":{"name":"admin","@id":"https:\/\/www.adformandum.org\/#\/schema\/person\/ef4ad2d1d609289de763e7c724c23f5e"},"headline":"Vpisujemo na te\u010daje poklicnega izobra\u017eevanja in usposabljanja za mlade","datePublished":"2019-07-09T09:14:54+00:00","dateModified":"2019-07-30T12:06:42+00:00","mainEntityOfPage":{"@id":"https:\/\/www.adformandum.org\/si\/iscrizioni-aperte-per-corsi-settore-ristorazione\/"},"wordCount":131,"commentCount":0,"publisher":{"@id":"https:\/\/www.adformandum.org\/#organization"},"articleSection":["Novice"],"inLanguage":"sl-SI","potentialAction":[{"@type":"CommentAction","name":"Comment","target":["https:\/\/www.adformandum.org\/si\/iscrizioni-aperte-per-corsi-settore-ristorazione\/#respond"]}]},{"@type":"WebPage","@id":"https:\/\/www.adformandum.org\/si\/iscrizioni-aperte-per-corsi-settore-ristorazione\/","url":"https:\/\/www.adformandum.org\/si\/iscrizioni-aperte-per-corsi-settore-ristorazione\/","name":"(Italiano) Iscrizioni 2019\/20 aperte per corsi nel settore della ristorazione - AD Formandum","isPartOf":{"@id":"https:\/\/www.adformandum.org\/#website"},"datePublished":"2019-07-09T09:14:54+00:00","dateModified":"2019-07-30T12:06:42+00:00","description":"(Italiano) Iscrizioni 2019\/20 aperte per i corsi di Cuoco e Cameriere di Sala e Bar a Gorizia a Trieste. Scopri subito i corsi ed effettua l'iscrizione!","breadcrumb":{"@id":"https:\/\/www.adformandum.org\/si\/iscrizioni-aperte-per-corsi-settore-ristorazione\/#breadcrumb"},"inLanguage":"sl-SI","potentialAction":[{"@type":"ReadAction","target":["https:\/\/www.adformandum.org\/si\/iscrizioni-aperte-per-corsi-settore-ristorazione\/"]}]},{"@type":"BreadcrumbList","@id":"https:\/\/www.adformandum.org\/si\/iscrizioni-aperte-per-corsi-settore-ristorazione\/#breadcrumb","itemListElement":[{"@type":"ListItem","position":1,"name":"Home","item":"https:\/\/www.adformandum.org\/"},{"@type":"ListItem","position":2,"name":"Vpisujemo na te\u010daje poklicnega izobra\u017eevanja in usposabljanja za mlade"}]},{"@type":"WebSite","@id":"https:\/\/www.adformandum.org\/#website","url":"https:\/\/www.adformandum.org\/","name":"AD Formandum","description":"impresa sociale - socialno podjetje","publisher":{"@id":"https:\/\/www.adformandum.org\/#organization"},"potentialAction":[{"@type":"SearchAction","target":{"@type":"EntryPoint","urlTemplate":"https:\/\/www.adformandum.org\/?s={search_term_string}"},"query-input":"required name=search_term_string"}],"inLanguage":"sl-SI"},{"@type":"Organization","@id":"https:\/\/www.adformandum.org\/#organization","name":"AD Formandum","url":"https:\/\/www.adformandum.org\/","logo":{"@type":"ImageObject","inLanguage":"sl-SI","@id":"https:\/\/www.adformandum.org\/#\/schema\/logo\/image\/","url":"https:\/\/www.adformandum.org\/wp-content\/uploads\/2019\/06\/logo-new.png","contentUrl":"https:\/\/www.adformandum.org\/wp-content\/uploads\/2019\/06\/logo-new.png","width":330,"height":65,"caption":"AD Formandum"},"image":{"@id":"https:\/\/www.adformandum.org\/#\/schema\/logo\/image\/"},"sameAs":["https:\/\/www.facebook.com\/adformandum\/","https:\/\/twitter.com\/AdFormandum","https:\/\/www.linkedin.com\/company\/ad-formandum"]},{"@type":"Person","@id":"https:\/\/www.adformandum.org\/#\/schema\/person\/ef4ad2d1d609289de763e7c724c23f5e","name":"admin","image":{"@type":"ImageObject","inLanguage":"sl-SI","@id":"https:\/\/www.adformandum.org\/#\/schema\/person\/image\/","url":"https:\/\/secure.gravatar.com\/avatar\/50764a7e59a752cfca7707935036bdbb?s=96&d=mm&r=g","contentUrl":"https:\/\/secure.gravatar.com\/avatar\/50764a7e59a752cfca7707935036bdbb?s=96&d=mm&r=g","caption":"admin"}}]}},"_links":{"self":[{"href":"https:\/\/www.adformandum.org\/si\/wp-json\/wp\/v2\/posts\/5347"}],"collection":[{"href":"https:\/\/www.adformandum.org\/si\/wp-json\/wp\/v2\/posts"}],"about":[{"href":"https:\/\/www.adformandum.org\/si\/wp-json\/wp\/v2\/types\/post"}],"author":[{"embeddable":true,"href":"https:\/\/www.adformandum.org\/si\/wp-json\/wp\/v2\/users\/1"}],"replies":[{"embeddable":true,"href":"https:\/\/www.adformandum.org\/si\/wp-json\/wp\/v2\/comments?post=5347"}],"version-history":[{"count":2,"href":"https:\/\/www.adformandum.org\/si\/wp-json\/wp\/v2\/posts\/5347\/revisions"}],"predecessor-version":[{"id":5432,"href":"https:\/\/www.adformandum.org\/si\/wp-json\/wp\/v2\/posts\/5347\/revisions\/5432"}],"wp:featuredmedia":[{"embeddable":true,"href":"https:\/\/www.adformandum.org\/si\/wp-json\/wp\/v2\/media\/5419"}],"wp:attachment":[{"href":"https:\/\/www.adformandum.org\/si\/wp-json\/wp\/v2\/media?parent=5347"}],"wp:term":[{"taxonomy":"category","embeddable":true,"href":"https:\/\/www.adformandum.org\/si\/wp-json\/wp\/v2\/categories?post=5347"},{"taxonomy":"post_tag","embeddable":true,"href":"https:\/\/www.adformandum.org\/si\/wp-json\/wp\/v2\/tags?post=5347"}],"curies":[{"name":"wp","href":"https:\/\/api.w.org\/{rel}","templated":true}]}}