{"id":5414,"date":"2019-07-11T11:22:17","date_gmt":"2019-07-11T09:22:17","guid":{"rendered":"http:\/\/php-5.4.30.vps24.moodem.it\/adf\/?p=5414"},"modified":"2019-07-12T12:47:08","modified_gmt":"2019-07-12T10:47:08","slug":"seminario-lavorare-in-montagna-diventa-unimpresa","status":"publish","type":"post","link":"https:\/\/www.adformandum.org\/si\/seminario-lavorare-in-montagna-diventa-unimpresa\/","title":{"rendered":"Seminar v okviru projekta S.I.S.S.I. 2.0 o razvoju podjetni\u0161tva v hribovitem obmo\u010dju"},"content":{"rendered":"<p>Danes je v Tolme\u010du potekal seminar v sklopu <strong>projekta S.I.S.S.I. 2.0<\/strong> o mo\u017enostih in potencialnem razvoju podjetni\u0161tva v hribotivem obmo\u010dju.<br \/>\nNa seminarju, ki ga je vodil Stefano Cosma, so posegli \u017eupan Tolme\u010da Francesco Brollo, direktor AD FORMANDUM Alessandro Infanti in predstavnik De\u017eele Furlanije Julijske Krajine Enrico Cataruzza.<\/p>\n<p>V drugem delu seminarja so svoje izku\u0161nje in gledanja prinesli predstavniki \u0161olskega sistema Francesca Bon in Andrea Scolari, predsednik zdru\u017eenja obrtnikov Enea Pellizotti, kuhar in lastnik picerije L\u2019altro Gusto Francesco Baraldo Sano in Stefania Piler Hoffer iz ob\u010dine Sappada<\/p>","protected":false},"excerpt":{"rendered":"<p>Danes je v Tolme\u010du potekal seminar v sklopu projekta S.I.S.S.I. 2.0 o mo\u017enostih in potencialnem razvoju podjetni\u0161tva v hribotivem obmo\u010dju. Na seminarju, ki ga je vodil Stefano Cosma, so posegli \u017eupan Tolme\u010da Francesco Brollo, direktor AD FORMANDUM Alessandro Infanti in predstavnik De\u017eele Furlanije Julijske Krajine Enrico Cataruzza. V drugem delu seminarja so svoje izku\u0161nje in gledanja [&hellip;]<\/p>\n","protected":false},"author":1,"featured_media":5417,"comment_status":"open","ping_status":"open","sticky":false,"template":"","format":"standard","meta":{"_mi_skip_tracking":false,"_monsterinsights_sitenote_active":false,"_monsterinsights_sitenote_note":"","_monsterinsights_sitenote_category":0,"footnotes":""},"categories":[221],"tags":[],"yoast_head":"<!-- This site is optimized with the Yoast SEO plugin v21.5 - https:\/\/yoast.com\/wordpress\/plugins\/seo\/ -->\n<title>Seminar v okviru projekta S.I.S.S.I. 2.0 o razvoju podjetni\u0161tva v hribovitem obmo\u010dju - AD Formandum<\/title>\n<meta name=\"robots\" content=\"index, follow, max-snippet:-1, max-image-preview:large, max-video-preview:-1\" \/>\n<link rel=\"canonical\" href=\"https:\/\/www.adformandum.org\/si\/seminario-lavorare-in-montagna-diventa-unimpresa\/\" \/>\n<meta property=\"og:locale\" content=\"sl_SI\" \/>\n<meta property=\"og:type\" content=\"article\" \/>\n<meta property=\"og:title\" content=\"Seminar v okviru projekta S.I.S.S.I. 2.0 o razvoju podjetni\u0161tva v hribovitem obmo\u010dju - AD Formandum\" \/>\n<meta property=\"og:description\" content=\"Danes je v Tolme\u010du potekal seminar v sklopu projekta S.I.S.S.I. 2.0 o mo\u017enostih in potencialnem razvoju podjetni\u0161tva v hribotivem obmo\u010dju. Na seminarju, ki ga je vodil Stefano Cosma, so posegli \u017eupan Tolme\u010da Francesco Brollo, direktor AD FORMANDUM Alessandro Infanti in predstavnik De\u017eele Furlanije Julijske Krajine Enrico Cataruzza. V drugem delu seminarja so svoje izku\u0161nje in gledanja [&hellip;]\" \/>\n<meta property=\"og:url\" content=\"https:\/\/www.adformandum.org\/si\/seminario-lavorare-in-montagna-diventa-unimpresa\/\" \/>\n<meta property=\"og:site_name\" content=\"AD Formandum\" \/>\n<meta property=\"article:publisher\" content=\"https:\/\/www.facebook.com\/adformandum\/\" \/>\n<meta property=\"article:published_time\" content=\"2019-07-11T09:22:17+00:00\" \/>\n<meta property=\"article:modified_time\" content=\"2019-07-12T10:47:08+00:00\" \/>\n<meta property=\"og:image\" content=\"https:\/\/www.adformandum.org\/wp-content\/uploads\/2019\/07\/NEWS-SISSI.jpg\" \/>\n\t<meta property=\"og:image:width\" content=\"1000\" \/>\n\t<meta property=\"og:image:height\" content=\"696\" \/>\n\t<meta property=\"og:image:type\" content=\"image\/jpeg\" \/>\n<meta name=\"author\" content=\"admin\" \/>\n<meta name=\"twitter:card\" content=\"summary_large_image\" \/>\n<meta name=\"twitter:creator\" content=\"@AdFormandum\" \/>\n<meta name=\"twitter:site\" content=\"@AdFormandum\" \/>\n<meta name=\"twitter:label1\" content=\"Written by\" \/>\n\t<meta name=\"twitter:data1\" content=\"admin\" \/>\n\t<meta name=\"twitter:label2\" content=\"Est. reading time\" \/>\n\t<meta name=\"twitter:data2\" content=\"1 minuta\" \/>\n<script type=\"application\/ld+json\" class=\"yoast-schema-graph\">{\"@context\":\"https:\/\/schema.org\",\"@graph\":[{\"@type\":\"Article\",\"@id\":\"https:\/\/www.adformandum.org\/si\/seminario-lavorare-in-montagna-diventa-unimpresa\/#article\",\"isPartOf\":{\"@id\":\"https:\/\/www.adformandum.org\/si\/seminario-lavorare-in-montagna-diventa-unimpresa\/\"},\"author\":{\"name\":\"admin\",\"@id\":\"https:\/\/www.adformandum.org\/#\/schema\/person\/ef4ad2d1d609289de763e7c724c23f5e\"},\"headline\":\"Seminar v okviru projekta S.I.S.S.I. 2.0 o razvoju podjetni\u0161tva v hribovitem obmo\u010dju\",\"datePublished\":\"2019-07-11T09:22:17+00:00\",\"dateModified\":\"2019-07-12T10:47:08+00:00\",\"mainEntityOfPage\":{\"@id\":\"https:\/\/www.adformandum.org\/si\/seminario-lavorare-in-montagna-diventa-unimpresa\/\"},\"wordCount\":232,\"commentCount\":0,\"publisher\":{\"@id\":\"https:\/\/www.adformandum.org\/#organization\"},\"articleSection\":[\"Novice\"],\"inLanguage\":\"sl-SI\",\"potentialAction\":[{\"@type\":\"CommentAction\",\"name\":\"Comment\",\"target\":[\"https:\/\/www.adformandum.org\/si\/seminario-lavorare-in-montagna-diventa-unimpresa\/#respond\"]}]},{\"@type\":\"WebPage\",\"@id\":\"https:\/\/www.adformandum.org\/si\/seminario-lavorare-in-montagna-diventa-unimpresa\/\",\"url\":\"https:\/\/www.adformandum.org\/si\/seminario-lavorare-in-montagna-diventa-unimpresa\/\",\"name\":\"Seminar v okviru projekta S.I.S.S.I. 2.0 o razvoju podjetni\u0161tva v hribovitem obmo\u010dju - AD Formandum\",\"isPartOf\":{\"@id\":\"https:\/\/www.adformandum.org\/#website\"},\"datePublished\":\"2019-07-11T09:22:17+00:00\",\"dateModified\":\"2019-07-12T10:47:08+00:00\",\"breadcrumb\":{\"@id\":\"https:\/\/www.adformandum.org\/si\/seminario-lavorare-in-montagna-diventa-unimpresa\/#breadcrumb\"},\"inLanguage\":\"sl-SI\",\"potentialAction\":[{\"@type\":\"ReadAction\",\"target\":[\"https:\/\/www.adformandum.org\/si\/seminario-lavorare-in-montagna-diventa-unimpresa\/\"]}]},{\"@type\":\"BreadcrumbList\",\"@id\":\"https:\/\/www.adformandum.org\/si\/seminario-lavorare-in-montagna-diventa-unimpresa\/#breadcrumb\",\"itemListElement\":[{\"@type\":\"ListItem\",\"position\":1,\"name\":\"Home\",\"item\":\"https:\/\/www.adformandum.org\/\"},{\"@type\":\"ListItem\",\"position\":2,\"name\":\"Seminar v okviru projekta S.I.S.S.I. 2.0 o razvoju podjetni\u0161tva v hribovitem obmo\u010dju\"}]},{\"@type\":\"WebSite\",\"@id\":\"https:\/\/www.adformandum.org\/#website\",\"url\":\"https:\/\/www.adformandum.org\/\",\"name\":\"AD Formandum\",\"description\":\"impresa sociale - socialno podjetje\",\"publisher\":{\"@id\":\"https:\/\/www.adformandum.org\/#organization\"},\"potentialAction\":[{\"@type\":\"SearchAction\",\"target\":{\"@type\":\"EntryPoint\",\"urlTemplate\":\"https:\/\/www.adformandum.org\/?s={search_term_string}\"},\"query-input\":\"required name=search_term_string\"}],\"inLanguage\":\"sl-SI\"},{\"@type\":\"Organization\",\"@id\":\"https:\/\/www.adformandum.org\/#organization\",\"name\":\"AD Formandum\",\"url\":\"https:\/\/www.adformandum.org\/\",\"logo\":{\"@type\":\"ImageObject\",\"inLanguage\":\"sl-SI\",\"@id\":\"https:\/\/www.adformandum.org\/#\/schema\/logo\/image\/\",\"url\":\"https:\/\/www.adformandum.org\/wp-content\/uploads\/2019\/06\/logo-new.png\",\"contentUrl\":\"https:\/\/www.adformandum.org\/wp-content\/uploads\/2019\/06\/logo-new.png\",\"width\":330,\"height\":65,\"caption\":\"AD Formandum\"},\"image\":{\"@id\":\"https:\/\/www.adformandum.org\/#\/schema\/logo\/image\/\"},\"sameAs\":[\"https:\/\/www.facebook.com\/adformandum\/\",\"https:\/\/twitter.com\/AdFormandum\",\"https:\/\/www.linkedin.com\/company\/ad-formandum\"]},{\"@type\":\"Person\",\"@id\":\"https:\/\/www.adformandum.org\/#\/schema\/person\/ef4ad2d1d609289de763e7c724c23f5e\",\"name\":\"admin\",\"image\":{\"@type\":\"ImageObject\",\"inLanguage\":\"sl-SI\",\"@id\":\"https:\/\/www.adformandum.org\/#\/schema\/person\/image\/\",\"url\":\"https:\/\/secure.gravatar.com\/avatar\/50764a7e59a752cfca7707935036bdbb?s=96&d=mm&r=g\",\"contentUrl\":\"https:\/\/secure.gravatar.com\/avatar\/50764a7e59a752cfca7707935036bdbb?s=96&d=mm&r=g\",\"caption\":\"admin\"}}]}<\/script>\n<!-- \/ Yoast SEO plugin. -->","yoast_head_json":{"title":"Seminar v okviru projekta S.I.S.S.I. 2.0 o razvoju podjetni\u0161tva v hribovitem obmo\u010dju - AD Formandum","robots":{"index":"index","follow":"follow","max-snippet":"max-snippet:-1","max-image-preview":"max-image-preview:large","max-video-preview":"max-video-preview:-1"},"canonical":"https:\/\/www.adformandum.org\/si\/seminario-lavorare-in-montagna-diventa-unimpresa\/","og_locale":"sl_SI","og_type":"article","og_title":"Seminar v okviru projekta S.I.S.S.I. 2.0 o razvoju podjetni\u0161tva v hribovitem obmo\u010dju - AD Formandum","og_description":"Danes je v Tolme\u010du potekal seminar v sklopu projekta S.I.S.S.I. 2.0 o mo\u017enostih in potencialnem razvoju podjetni\u0161tva v hribotivem obmo\u010dju. Na seminarju, ki ga je vodil Stefano Cosma, so posegli \u017eupan Tolme\u010da Francesco Brollo, direktor AD FORMANDUM Alessandro Infanti in predstavnik De\u017eele Furlanije Julijske Krajine Enrico Cataruzza. V drugem delu seminarja so svoje izku\u0161nje in gledanja [&hellip;]","og_url":"https:\/\/www.adformandum.org\/si\/seminario-lavorare-in-montagna-diventa-unimpresa\/","og_site_name":"AD Formandum","article_publisher":"https:\/\/www.facebook.com\/adformandum\/","article_published_time":"2019-07-11T09:22:17+00:00","article_modified_time":"2019-07-12T10:47:08+00:00","og_image":[{"width":1000,"height":696,"url":"https:\/\/www.adformandum.org\/wp-content\/uploads\/2019\/07\/NEWS-SISSI.jpg","type":"image\/jpeg"}],"author":"admin","twitter_card":"summary_large_image","twitter_creator":"@AdFormandum","twitter_site":"@AdFormandum","twitter_misc":{"Written by":"admin","Est. reading time":"1 minuta"},"schema":{"@context":"https:\/\/schema.org","@graph":[{"@type":"Article","@id":"https:\/\/www.adformandum.org\/si\/seminario-lavorare-in-montagna-diventa-unimpresa\/#article","isPartOf":{"@id":"https:\/\/www.adformandum.org\/si\/seminario-lavorare-in-montagna-diventa-unimpresa\/"},"author":{"name":"admin","@id":"https:\/\/www.adformandum.org\/#\/schema\/person\/ef4ad2d1d609289de763e7c724c23f5e"},"headline":"Seminar v okviru projekta S.I.S.S.I. 2.0 o razvoju podjetni\u0161tva v hribovitem obmo\u010dju","datePublished":"2019-07-11T09:22:17+00:00","dateModified":"2019-07-12T10:47:08+00:00","mainEntityOfPage":{"@id":"https:\/\/www.adformandum.org\/si\/seminario-lavorare-in-montagna-diventa-unimpresa\/"},"wordCount":232,"commentCount":0,"publisher":{"@id":"https:\/\/www.adformandum.org\/#organization"},"articleSection":["Novice"],"inLanguage":"sl-SI","potentialAction":[{"@type":"CommentAction","name":"Comment","target":["https:\/\/www.adformandum.org\/si\/seminario-lavorare-in-montagna-diventa-unimpresa\/#respond"]}]},{"@type":"WebPage","@id":"https:\/\/www.adformandum.org\/si\/seminario-lavorare-in-montagna-diventa-unimpresa\/","url":"https:\/\/www.adformandum.org\/si\/seminario-lavorare-in-montagna-diventa-unimpresa\/","name":"Seminar v okviru projekta S.I.S.S.I. 2.0 o razvoju podjetni\u0161tva v hribovitem obmo\u010dju - AD Formandum","isPartOf":{"@id":"https:\/\/www.adformandum.org\/#website"},"datePublished":"2019-07-11T09:22:17+00:00","dateModified":"2019-07-12T10:47:08+00:00","breadcrumb":{"@id":"https:\/\/www.adformandum.org\/si\/seminario-lavorare-in-montagna-diventa-unimpresa\/#breadcrumb"},"inLanguage":"sl-SI","potentialAction":[{"@type":"ReadAction","target":["https:\/\/www.adformandum.org\/si\/seminario-lavorare-in-montagna-diventa-unimpresa\/"]}]},{"@type":"BreadcrumbList","@id":"https:\/\/www.adformandum.org\/si\/seminario-lavorare-in-montagna-diventa-unimpresa\/#breadcrumb","itemListElement":[{"@type":"ListItem","position":1,"name":"Home","item":"https:\/\/www.adformandum.org\/"},{"@type":"ListItem","position":2,"name":"Seminar v okviru projekta S.I.S.S.I. 2.0 o razvoju podjetni\u0161tva v hribovitem obmo\u010dju"}]},{"@type":"WebSite","@id":"https:\/\/www.adformandum.org\/#website","url":"https:\/\/www.adformandum.org\/","name":"AD Formandum","description":"impresa sociale - socialno podjetje","publisher":{"@id":"https:\/\/www.adformandum.org\/#organization"},"potentialAction":[{"@type":"SearchAction","target":{"@type":"EntryPoint","urlTemplate":"https:\/\/www.adformandum.org\/?s={search_term_string}"},"query-input":"required name=search_term_string"}],"inLanguage":"sl-SI"},{"@type":"Organization","@id":"https:\/\/www.adformandum.org\/#organization","name":"AD Formandum","url":"https:\/\/www.adformandum.org\/","logo":{"@type":"ImageObject","inLanguage":"sl-SI","@id":"https:\/\/www.adformandum.org\/#\/schema\/logo\/image\/","url":"https:\/\/www.adformandum.org\/wp-content\/uploads\/2019\/06\/logo-new.png","contentUrl":"https:\/\/www.adformandum.org\/wp-content\/uploads\/2019\/06\/logo-new.png","width":330,"height":65,"caption":"AD Formandum"},"image":{"@id":"https:\/\/www.adformandum.org\/#\/schema\/logo\/image\/"},"sameAs":["https:\/\/www.facebook.com\/adformandum\/","https:\/\/twitter.com\/AdFormandum","https:\/\/www.linkedin.com\/company\/ad-formandum"]},{"@type":"Person","@id":"https:\/\/www.adformandum.org\/#\/schema\/person\/ef4ad2d1d609289de763e7c724c23f5e","name":"admin","image":{"@type":"ImageObject","inLanguage":"sl-SI","@id":"https:\/\/www.adformandum.org\/#\/schema\/person\/image\/","url":"https:\/\/secure.gravatar.com\/avatar\/50764a7e59a752cfca7707935036bdbb?s=96&d=mm&r=g","contentUrl":"https:\/\/secure.gravatar.com\/avatar\/50764a7e59a752cfca7707935036bdbb?s=96&d=mm&r=g","caption":"admin"}}]}},"_links":{"self":[{"href":"https:\/\/www.adformandum.org\/si\/wp-json\/wp\/v2\/posts\/5414"}],"collection":[{"href":"https:\/\/www.adformandum.org\/si\/wp-json\/wp\/v2\/posts"}],"about":[{"href":"https:\/\/www.adformandum.org\/si\/wp-json\/wp\/v2\/types\/post"}],"author":[{"embeddable":true,"href":"https:\/\/www.adformandum.org\/si\/wp-json\/wp\/v2\/users\/1"}],"replies":[{"embeddable":true,"href":"https:\/\/www.adformandum.org\/si\/wp-json\/wp\/v2\/comments?post=5414"}],"version-history":[{"count":3,"href":"https:\/\/www.adformandum.org\/si\/wp-json\/wp\/v2\/posts\/5414\/revisions"}],"predecessor-version":[{"id":5429,"href":"https:\/\/www.adformandum.org\/si\/wp-json\/wp\/v2\/posts\/5414\/revisions\/5429"}],"wp:featuredmedia":[{"embeddable":true,"href":"https:\/\/www.adformandum.org\/si\/wp-json\/wp\/v2\/media\/5417"}],"wp:attachment":[{"href":"https:\/\/www.adformandum.org\/si\/wp-json\/wp\/v2\/media?parent=5414"}],"wp:term":[{"taxonomy":"category","embeddable":true,"href":"https:\/\/www.adformandum.org\/si\/wp-json\/wp\/v2\/categories?post=5414"},{"taxonomy":"post_tag","embeddable":true,"href":"https:\/\/www.adformandum.org\/si\/wp-json\/wp\/v2\/tags?post=5414"}],"curies":[{"name":"wp","href":"https:\/\/api.w.org\/{rel}","templated":true}]}}