{"id":5605,"date":"2019-06-20T13:03:35","date_gmt":"2019-06-20T11:03:35","guid":{"rendered":"http:\/\/www.adformandum.org\/?p=5605"},"modified":"2019-07-19T13:20:13","modified_gmt":"2019-07-19T11:20:13","slug":"presentazione-del-libro-di-luigi-nacci-trieste-selvatica","status":"publish","type":"post","link":"https:\/\/www.adformandum.org\/si\/presentazione-del-libro-di-luigi-nacci-trieste-selvatica\/","title":{"rendered":"Predstavitev knjige Trieste selvatica avtorja Luigija Naccija"},"content":{"rendered":"<p>Trst je mesto Marije Terezije, miramarskega grada, princeze Sissi, mesto regat in kavarn. A ni samo to. Poleg tega ima \u0161e drugi videz: to je mesto Joyca in tistih, ki so, tako kot on, obiskovali no\u010dne lokale in \u017eiveli sredi mno\u017eice, ki je iskala svoje bogastvo v metropoli, ki je bila do nekaj prej let le anonimna vas. Trst je bil in je \u0161e vedno mesto, kjer se prepletajo majhne ulice, in se na njih sprehajajo genialno nore osebnosti. Mesto obdaja Kras, to je planota labirintov, kamnov, gozdov, vrtov, dolin, fojb in front. V svoji razli\u010dnosti ni stvarnost zase, temve\u010d dopolnilni del mesta. Sestavljajo ga neskon\u010dni gozdovi, \u200b\u200bkraji, kjer so se ljudje borili in neusmiljeno ma\u0161\u010devali in v katerih so navzo\u010di skriti dokazi divjih pokolov in so hkrati zato\u010di\u0161\u010da miroljubnih popotnikov. Potnikov brez zastave, ki ne poznajo sovra\u0161tva. Divji utrip Krasa, ki je hkrati osvobajajo\u010da sila mesta, se tako soo\u010da z mestno stvarnostjo. Bi ga radi spoznali?<\/p>\n<p>Trieste selvatica je nov knji\u017eni podvig avtorja Luigija Naccija. Na predstavitvi sta sodelovala tudi Giovanni Fierro e Michele Obit.<br \/>\nDogodek so prirediliudele\u017eenci te\u010daja Attiva Giovani TECNICHE DI PROMOZIONE E VALORIZZAZIONE DEL PATRIMONIO CULTURALE, NATURALE ED ENOGASTRONOMICO v sodelovanju s knjigarno Libreria Antonini.<\/p>","protected":false},"excerpt":{"rendered":"<p>Trst je mesto Marije Terezije, miramarskega grada, princeze Sissi, mesto regat in kavarn. A ni samo to. Poleg tega ima \u0161e drugi videz: to je mesto Joyca in tistih, ki so, tako kot on, obiskovali no\u010dne lokale in \u017eiveli sredi mno\u017eice, ki je iskala svoje bogastvo v metropoli, ki je bila do nekaj prej let le [&hellip;]<\/p>\n","protected":false},"author":2,"featured_media":5607,"comment_status":"closed","ping_status":"open","sticky":false,"template":"","format":"standard","meta":{"_mi_skip_tracking":false,"_monsterinsights_sitenote_active":false,"_monsterinsights_sitenote_note":"","_monsterinsights_sitenote_category":0,"footnotes":""},"categories":[221],"tags":[],"yoast_head":"<!-- This site is optimized with the Yoast SEO plugin v21.5 - https:\/\/yoast.com\/wordpress\/plugins\/seo\/ -->\n<title>Predstavitev knjige Trieste selvatica avtorja Luigija Naccija - AD Formandum<\/title>\n<meta name=\"robots\" content=\"index, follow, max-snippet:-1, max-image-preview:large, max-video-preview:-1\" \/>\n<link rel=\"canonical\" href=\"https:\/\/www.adformandum.org\/presentazione-del-libro-di-luigi-nacci-trieste-selvatica\/\" \/>\n<meta property=\"og:locale\" content=\"sl_SI\" \/>\n<meta property=\"og:type\" content=\"article\" \/>\n<meta property=\"og:title\" content=\"Predstavitev knjige Trieste selvatica avtorja Luigija Naccija - AD Formandum\" \/>\n<meta property=\"og:description\" content=\"Trst je mesto Marije Terezije, miramarskega grada, princeze Sissi, mesto regat in kavarn. A ni samo to. Poleg tega ima \u0161e drugi videz: to je mesto Joyca in tistih, ki so, tako kot on, obiskovali no\u010dne lokale in \u017eiveli sredi mno\u017eice, ki je iskala svoje bogastvo v metropoli, ki je bila do nekaj prej let le [&hellip;]\" \/>\n<meta property=\"og:url\" content=\"https:\/\/www.adformandum.org\/presentazione-del-libro-di-luigi-nacci-trieste-selvatica\/\" \/>\n<meta property=\"og:site_name\" content=\"AD Formandum\" \/>\n<meta property=\"article:publisher\" content=\"https:\/\/www.facebook.com\/adformandum\/\" \/>\n<meta property=\"article:published_time\" content=\"2019-06-20T11:03:35+00:00\" \/>\n<meta property=\"article:modified_time\" content=\"2019-07-19T11:20:13+00:00\" \/>\n<meta property=\"og:image\" content=\"https:\/\/www.adformandum.org\/wp-content\/uploads\/2019\/06\/trieste-selvatica-e1563535078907.jpg\" \/>\n\t<meta property=\"og:image:width\" content=\"317\" \/>\n\t<meta property=\"og:image:height\" content=\"479\" \/>\n\t<meta property=\"og:image:type\" content=\"image\/jpeg\" \/>\n<meta name=\"author\" content=\"Maja Humar\" \/>\n<meta name=\"twitter:card\" content=\"summary_large_image\" \/>\n<meta name=\"twitter:creator\" content=\"@AdFormandum\" \/>\n<meta name=\"twitter:site\" content=\"@AdFormandum\" \/>\n<meta name=\"twitter:label1\" content=\"Written by\" \/>\n\t<meta name=\"twitter:data1\" content=\"Maja Humar\" \/>\n\t<meta name=\"twitter:label2\" content=\"Est. reading time\" \/>\n\t<meta name=\"twitter:data2\" content=\"2 minuti\" \/>\n<script type=\"application\/ld+json\" class=\"yoast-schema-graph\">{\"@context\":\"https:\/\/schema.org\",\"@graph\":[{\"@type\":\"Article\",\"@id\":\"https:\/\/www.adformandum.org\/presentazione-del-libro-di-luigi-nacci-trieste-selvatica\/#article\",\"isPartOf\":{\"@id\":\"https:\/\/www.adformandum.org\/presentazione-del-libro-di-luigi-nacci-trieste-selvatica\/\"},\"author\":{\"name\":\"Maja Humar\",\"@id\":\"https:\/\/www.adformandum.org\/#\/schema\/person\/da9dbf61ecdb71b1eaa06eeb2355b9c4\"},\"headline\":\"Predstavitev knjige Trieste selvatica avtorja Luigija Naccija\",\"datePublished\":\"2019-06-20T11:03:35+00:00\",\"dateModified\":\"2019-07-19T11:20:13+00:00\",\"mainEntityOfPage\":{\"@id\":\"https:\/\/www.adformandum.org\/presentazione-del-libro-di-luigi-nacci-trieste-selvatica\/\"},\"wordCount\":448,\"publisher\":{\"@id\":\"https:\/\/www.adformandum.org\/#organization\"},\"articleSection\":[\"Novice\"],\"inLanguage\":\"sl-SI\"},{\"@type\":\"WebPage\",\"@id\":\"https:\/\/www.adformandum.org\/presentazione-del-libro-di-luigi-nacci-trieste-selvatica\/\",\"url\":\"https:\/\/www.adformandum.org\/presentazione-del-libro-di-luigi-nacci-trieste-selvatica\/\",\"name\":\"Predstavitev knjige Trieste selvatica avtorja Luigija Naccija - AD Formandum\",\"isPartOf\":{\"@id\":\"https:\/\/www.adformandum.org\/#website\"},\"datePublished\":\"2019-06-20T11:03:35+00:00\",\"dateModified\":\"2019-07-19T11:20:13+00:00\",\"breadcrumb\":{\"@id\":\"https:\/\/www.adformandum.org\/presentazione-del-libro-di-luigi-nacci-trieste-selvatica\/#breadcrumb\"},\"inLanguage\":\"sl-SI\",\"potentialAction\":[{\"@type\":\"ReadAction\",\"target\":[\"https:\/\/www.adformandum.org\/presentazione-del-libro-di-luigi-nacci-trieste-selvatica\/\"]}]},{\"@type\":\"BreadcrumbList\",\"@id\":\"https:\/\/www.adformandum.org\/presentazione-del-libro-di-luigi-nacci-trieste-selvatica\/#breadcrumb\",\"itemListElement\":[{\"@type\":\"ListItem\",\"position\":1,\"name\":\"Home\",\"item\":\"https:\/\/www.adformandum.org\/\"},{\"@type\":\"ListItem\",\"position\":2,\"name\":\"Presentazione del libro di Luigi Nacci &#8220;Trieste selvatica&#8221;\"}]},{\"@type\":\"WebSite\",\"@id\":\"https:\/\/www.adformandum.org\/#website\",\"url\":\"https:\/\/www.adformandum.org\/\",\"name\":\"AD Formandum\",\"description\":\"impresa sociale - socialno podjetje\",\"publisher\":{\"@id\":\"https:\/\/www.adformandum.org\/#organization\"},\"potentialAction\":[{\"@type\":\"SearchAction\",\"target\":{\"@type\":\"EntryPoint\",\"urlTemplate\":\"https:\/\/www.adformandum.org\/?s={search_term_string}\"},\"query-input\":\"required name=search_term_string\"}],\"inLanguage\":\"sl-SI\"},{\"@type\":\"Organization\",\"@id\":\"https:\/\/www.adformandum.org\/#organization\",\"name\":\"AD Formandum\",\"url\":\"https:\/\/www.adformandum.org\/\",\"logo\":{\"@type\":\"ImageObject\",\"inLanguage\":\"sl-SI\",\"@id\":\"https:\/\/www.adformandum.org\/#\/schema\/logo\/image\/\",\"url\":\"https:\/\/www.adformandum.org\/wp-content\/uploads\/2019\/06\/logo-new.png\",\"contentUrl\":\"https:\/\/www.adformandum.org\/wp-content\/uploads\/2019\/06\/logo-new.png\",\"width\":330,\"height\":65,\"caption\":\"AD Formandum\"},\"image\":{\"@id\":\"https:\/\/www.adformandum.org\/#\/schema\/logo\/image\/\"},\"sameAs\":[\"https:\/\/www.facebook.com\/adformandum\/\",\"https:\/\/twitter.com\/AdFormandum\",\"https:\/\/www.linkedin.com\/company\/ad-formandum\"]},{\"@type\":\"Person\",\"@id\":\"https:\/\/www.adformandum.org\/#\/schema\/person\/da9dbf61ecdb71b1eaa06eeb2355b9c4\",\"name\":\"Maja Humar\",\"image\":{\"@type\":\"ImageObject\",\"inLanguage\":\"sl-SI\",\"@id\":\"https:\/\/www.adformandum.org\/#\/schema\/person\/image\/\",\"url\":\"https:\/\/secure.gravatar.com\/avatar\/b21db73e1c446176e7fab591290746e3?s=96&d=mm&r=g\",\"contentUrl\":\"https:\/\/secure.gravatar.com\/avatar\/b21db73e1c446176e7fab591290746e3?s=96&d=mm&r=g\",\"caption\":\"Maja Humar\"}}]}<\/script>\n<!-- \/ Yoast SEO plugin. -->","yoast_head_json":{"title":"Predstavitev knjige Trieste selvatica avtorja Luigija Naccija - AD Formandum","robots":{"index":"index","follow":"follow","max-snippet":"max-snippet:-1","max-image-preview":"max-image-preview:large","max-video-preview":"max-video-preview:-1"},"canonical":"https:\/\/www.adformandum.org\/presentazione-del-libro-di-luigi-nacci-trieste-selvatica\/","og_locale":"sl_SI","og_type":"article","og_title":"Predstavitev knjige Trieste selvatica avtorja Luigija Naccija - AD Formandum","og_description":"Trst je mesto Marije Terezije, miramarskega grada, princeze Sissi, mesto regat in kavarn. A ni samo to. Poleg tega ima \u0161e drugi videz: to je mesto Joyca in tistih, ki so, tako kot on, obiskovali no\u010dne lokale in \u017eiveli sredi mno\u017eice, ki je iskala svoje bogastvo v metropoli, ki je bila do nekaj prej let le [&hellip;]","og_url":"https:\/\/www.adformandum.org\/presentazione-del-libro-di-luigi-nacci-trieste-selvatica\/","og_site_name":"AD Formandum","article_publisher":"https:\/\/www.facebook.com\/adformandum\/","article_published_time":"2019-06-20T11:03:35+00:00","article_modified_time":"2019-07-19T11:20:13+00:00","og_image":[{"width":317,"height":479,"url":"https:\/\/www.adformandum.org\/wp-content\/uploads\/2019\/06\/trieste-selvatica-e1563535078907.jpg","type":"image\/jpeg"}],"author":"Maja Humar","twitter_card":"summary_large_image","twitter_creator":"@AdFormandum","twitter_site":"@AdFormandum","twitter_misc":{"Written by":"Maja Humar","Est. reading time":"2 minuti"},"schema":{"@context":"https:\/\/schema.org","@graph":[{"@type":"Article","@id":"https:\/\/www.adformandum.org\/presentazione-del-libro-di-luigi-nacci-trieste-selvatica\/#article","isPartOf":{"@id":"https:\/\/www.adformandum.org\/presentazione-del-libro-di-luigi-nacci-trieste-selvatica\/"},"author":{"name":"Maja Humar","@id":"https:\/\/www.adformandum.org\/#\/schema\/person\/da9dbf61ecdb71b1eaa06eeb2355b9c4"},"headline":"Predstavitev knjige Trieste selvatica avtorja Luigija Naccija","datePublished":"2019-06-20T11:03:35+00:00","dateModified":"2019-07-19T11:20:13+00:00","mainEntityOfPage":{"@id":"https:\/\/www.adformandum.org\/presentazione-del-libro-di-luigi-nacci-trieste-selvatica\/"},"wordCount":448,"publisher":{"@id":"https:\/\/www.adformandum.org\/#organization"},"articleSection":["Novice"],"inLanguage":"sl-SI"},{"@type":"WebPage","@id":"https:\/\/www.adformandum.org\/presentazione-del-libro-di-luigi-nacci-trieste-selvatica\/","url":"https:\/\/www.adformandum.org\/presentazione-del-libro-di-luigi-nacci-trieste-selvatica\/","name":"Predstavitev knjige Trieste selvatica avtorja Luigija Naccija - AD Formandum","isPartOf":{"@id":"https:\/\/www.adformandum.org\/#website"},"datePublished":"2019-06-20T11:03:35+00:00","dateModified":"2019-07-19T11:20:13+00:00","breadcrumb":{"@id":"https:\/\/www.adformandum.org\/presentazione-del-libro-di-luigi-nacci-trieste-selvatica\/#breadcrumb"},"inLanguage":"sl-SI","potentialAction":[{"@type":"ReadAction","target":["https:\/\/www.adformandum.org\/presentazione-del-libro-di-luigi-nacci-trieste-selvatica\/"]}]},{"@type":"BreadcrumbList","@id":"https:\/\/www.adformandum.org\/presentazione-del-libro-di-luigi-nacci-trieste-selvatica\/#breadcrumb","itemListElement":[{"@type":"ListItem","position":1,"name":"Home","item":"https:\/\/www.adformandum.org\/"},{"@type":"ListItem","position":2,"name":"Presentazione del libro di Luigi Nacci &#8220;Trieste selvatica&#8221;"}]},{"@type":"WebSite","@id":"https:\/\/www.adformandum.org\/#website","url":"https:\/\/www.adformandum.org\/","name":"AD Formandum","description":"impresa sociale - socialno podjetje","publisher":{"@id":"https:\/\/www.adformandum.org\/#organization"},"potentialAction":[{"@type":"SearchAction","target":{"@type":"EntryPoint","urlTemplate":"https:\/\/www.adformandum.org\/?s={search_term_string}"},"query-input":"required name=search_term_string"}],"inLanguage":"sl-SI"},{"@type":"Organization","@id":"https:\/\/www.adformandum.org\/#organization","name":"AD Formandum","url":"https:\/\/www.adformandum.org\/","logo":{"@type":"ImageObject","inLanguage":"sl-SI","@id":"https:\/\/www.adformandum.org\/#\/schema\/logo\/image\/","url":"https:\/\/www.adformandum.org\/wp-content\/uploads\/2019\/06\/logo-new.png","contentUrl":"https:\/\/www.adformandum.org\/wp-content\/uploads\/2019\/06\/logo-new.png","width":330,"height":65,"caption":"AD Formandum"},"image":{"@id":"https:\/\/www.adformandum.org\/#\/schema\/logo\/image\/"},"sameAs":["https:\/\/www.facebook.com\/adformandum\/","https:\/\/twitter.com\/AdFormandum","https:\/\/www.linkedin.com\/company\/ad-formandum"]},{"@type":"Person","@id":"https:\/\/www.adformandum.org\/#\/schema\/person\/da9dbf61ecdb71b1eaa06eeb2355b9c4","name":"Maja Humar","image":{"@type":"ImageObject","inLanguage":"sl-SI","@id":"https:\/\/www.adformandum.org\/#\/schema\/person\/image\/","url":"https:\/\/secure.gravatar.com\/avatar\/b21db73e1c446176e7fab591290746e3?s=96&d=mm&r=g","contentUrl":"https:\/\/secure.gravatar.com\/avatar\/b21db73e1c446176e7fab591290746e3?s=96&d=mm&r=g","caption":"Maja Humar"}}]}},"_links":{"self":[{"href":"https:\/\/www.adformandum.org\/si\/wp-json\/wp\/v2\/posts\/5605"}],"collection":[{"href":"https:\/\/www.adformandum.org\/si\/wp-json\/wp\/v2\/posts"}],"about":[{"href":"https:\/\/www.adformandum.org\/si\/wp-json\/wp\/v2\/types\/post"}],"author":[{"embeddable":true,"href":"https:\/\/www.adformandum.org\/si\/wp-json\/wp\/v2\/users\/2"}],"replies":[{"embeddable":true,"href":"https:\/\/www.adformandum.org\/si\/wp-json\/wp\/v2\/comments?post=5605"}],"version-history":[{"count":2,"href":"https:\/\/www.adformandum.org\/si\/wp-json\/wp\/v2\/posts\/5605\/revisions"}],"predecessor-version":[{"id":5608,"href":"https:\/\/www.adformandum.org\/si\/wp-json\/wp\/v2\/posts\/5605\/revisions\/5608"}],"wp:featuredmedia":[{"embeddable":true,"href":"https:\/\/www.adformandum.org\/si\/wp-json\/wp\/v2\/media\/5607"}],"wp:attachment":[{"href":"https:\/\/www.adformandum.org\/si\/wp-json\/wp\/v2\/media?parent=5605"}],"wp:term":[{"taxonomy":"category","embeddable":true,"href":"https:\/\/www.adformandum.org\/si\/wp-json\/wp\/v2\/categories?post=5605"},{"taxonomy":"post_tag","embeddable":true,"href":"https:\/\/www.adformandum.org\/si\/wp-json\/wp\/v2\/tags?post=5605"}],"curies":[{"name":"wp","href":"https:\/\/api.w.org\/{rel}","templated":true}]}}