{"id":6268,"date":"2020-03-11T17:04:45","date_gmt":"2020-03-11T16:04:45","guid":{"rendered":"http:\/\/www.adformandum.org\/?p=6268"},"modified":"2020-03-11T17:05:50","modified_gmt":"2020-03-11T16:05:50","slug":"sospensione-delle-attivita-fino-al-3-aprile-2020","status":"publish","type":"post","link":"https:\/\/www.adformandum.org\/si\/sospensione-delle-attivita-fino-al-3-aprile-2020\/","title":{"rendered":"Prekinitev dejavnosti do 3. aprila 2020"},"content":{"rendered":"<p>Za zajezitev \u0161irjenja virusa Covid-19 in ob spo\u0161tovanju dekreta predsednika vlade D.P.C.M. z dne 9. marca 2020 so vse didakti\u010dne dejavnosti prekinjene. Uradi so zaprti za javnost. Za morebitna sporo\u010dila je na voljo naslov epo\u0161te info@adformandum.org ali telefonska \u0161tevilka 040-566360.<\/p>\n<p>#ostanimodoma<\/p>","protected":false},"excerpt":{"rendered":"<p>Za zajezitev \u0161irjenja virusa Covid-19 in ob spo\u0161tovanju dekreta predsednika vlade D.P.C.M. z dne 9. marca 2020 so vse didakti\u010dne dejavnosti prekinjene. Uradi so zaprti za javnost. Za morebitna sporo\u010dila je na voljo naslov epo\u0161te info@adformandum.org ali telefonska \u0161tevilka 040-566360. #ostanimodoma<\/p>\n","protected":false},"author":2,"featured_media":6269,"comment_status":"closed","ping_status":"open","sticky":false,"template":"","format":"standard","meta":{"_mi_skip_tracking":false,"_monsterinsights_sitenote_active":false,"_monsterinsights_sitenote_note":"","_monsterinsights_sitenote_category":0,"footnotes":""},"categories":[221],"tags":[],"yoast_head":"<!-- This site is optimized with the Yoast SEO plugin v21.5 - https:\/\/yoast.com\/wordpress\/plugins\/seo\/ -->\n<title>Prekinitev dejavnosti do 3. aprila 2020 - AD Formandum<\/title>\n<meta name=\"robots\" content=\"index, follow, max-snippet:-1, max-image-preview:large, max-video-preview:-1\" \/>\n<link rel=\"canonical\" href=\"https:\/\/www.adformandum.org\/sospensione-delle-attivita-fino-al-3-aprile-2020\/\" \/>\n<meta property=\"og:locale\" content=\"sl_SI\" \/>\n<meta property=\"og:type\" content=\"article\" \/>\n<meta property=\"og:title\" content=\"Prekinitev dejavnosti do 3. aprila 2020 - AD Formandum\" \/>\n<meta property=\"og:description\" content=\"Za zajezitev \u0161irjenja virusa Covid-19 in ob spo\u0161tovanju dekreta predsednika vlade D.P.C.M. z dne 9. marca 2020 so vse didakti\u010dne dejavnosti prekinjene. Uradi so zaprti za javnost. Za morebitna sporo\u010dila je na voljo naslov epo\u0161te info@adformandum.org ali telefonska \u0161tevilka 040-566360. #ostanimodoma\" \/>\n<meta property=\"og:url\" content=\"https:\/\/www.adformandum.org\/sospensione-delle-attivita-fino-al-3-aprile-2020\/\" \/>\n<meta property=\"og:site_name\" content=\"AD Formandum\" \/>\n<meta property=\"article:publisher\" content=\"https:\/\/www.facebook.com\/adformandum\/\" \/>\n<meta property=\"article:published_time\" content=\"2020-03-11T16:04:45+00:00\" \/>\n<meta property=\"article:modified_time\" content=\"2020-03-11T16:05:50+00:00\" \/>\n<meta property=\"og:image\" content=\"https:\/\/www.adformandum.org\/wp-content\/uploads\/2020\/03\/88291695_2827621277322740_8863425306111770624_o.jpg\" \/>\n\t<meta property=\"og:image:width\" content=\"1200\" \/>\n\t<meta property=\"og:image:height\" content=\"1401\" \/>\n\t<meta property=\"og:image:type\" content=\"image\/jpeg\" \/>\n<meta name=\"author\" content=\"Maja Humar\" \/>\n<meta name=\"twitter:card\" content=\"summary_large_image\" \/>\n<meta name=\"twitter:creator\" content=\"@AdFormandum\" \/>\n<meta name=\"twitter:site\" content=\"@AdFormandum\" \/>\n<meta name=\"twitter:label1\" content=\"Written by\" \/>\n\t<meta name=\"twitter:data1\" content=\"Maja Humar\" \/>\n\t<meta name=\"twitter:label2\" content=\"Est. reading time\" \/>\n\t<meta name=\"twitter:data2\" content=\"2 minuti\" \/>\n<script type=\"application\/ld+json\" class=\"yoast-schema-graph\">{\"@context\":\"https:\/\/schema.org\",\"@graph\":[{\"@type\":\"Article\",\"@id\":\"https:\/\/www.adformandum.org\/sospensione-delle-attivita-fino-al-3-aprile-2020\/#article\",\"isPartOf\":{\"@id\":\"https:\/\/www.adformandum.org\/sospensione-delle-attivita-fino-al-3-aprile-2020\/\"},\"author\":{\"name\":\"Maja Humar\",\"@id\":\"https:\/\/www.adformandum.org\/#\/schema\/person\/da9dbf61ecdb71b1eaa06eeb2355b9c4\"},\"headline\":\"Prekinitev dejavnosti do 3. aprila 2020\",\"datePublished\":\"2020-03-11T16:04:45+00:00\",\"dateModified\":\"2020-03-11T16:05:50+00:00\",\"mainEntityOfPage\":{\"@id\":\"https:\/\/www.adformandum.org\/sospensione-delle-attivita-fino-al-3-aprile-2020\/\"},\"wordCount\":368,\"publisher\":{\"@id\":\"https:\/\/www.adformandum.org\/#organization\"},\"articleSection\":[\"Novice\"],\"inLanguage\":\"sl-SI\"},{\"@type\":\"WebPage\",\"@id\":\"https:\/\/www.adformandum.org\/sospensione-delle-attivita-fino-al-3-aprile-2020\/\",\"url\":\"https:\/\/www.adformandum.org\/sospensione-delle-attivita-fino-al-3-aprile-2020\/\",\"name\":\"Prekinitev dejavnosti do 3. aprila 2020 - AD Formandum\",\"isPartOf\":{\"@id\":\"https:\/\/www.adformandum.org\/#website\"},\"datePublished\":\"2020-03-11T16:04:45+00:00\",\"dateModified\":\"2020-03-11T16:05:50+00:00\",\"breadcrumb\":{\"@id\":\"https:\/\/www.adformandum.org\/sospensione-delle-attivita-fino-al-3-aprile-2020\/#breadcrumb\"},\"inLanguage\":\"sl-SI\",\"potentialAction\":[{\"@type\":\"ReadAction\",\"target\":[\"https:\/\/www.adformandum.org\/sospensione-delle-attivita-fino-al-3-aprile-2020\/\"]}]},{\"@type\":\"BreadcrumbList\",\"@id\":\"https:\/\/www.adformandum.org\/sospensione-delle-attivita-fino-al-3-aprile-2020\/#breadcrumb\",\"itemListElement\":[{\"@type\":\"ListItem\",\"position\":1,\"name\":\"Home\",\"item\":\"https:\/\/www.adformandum.org\/\"},{\"@type\":\"ListItem\",\"position\":2,\"name\":\"Sospensione delle attivit\u00e0 fino al 3 aprile 2020\"}]},{\"@type\":\"WebSite\",\"@id\":\"https:\/\/www.adformandum.org\/#website\",\"url\":\"https:\/\/www.adformandum.org\/\",\"name\":\"AD Formandum\",\"description\":\"impresa sociale - socialno podjetje\",\"publisher\":{\"@id\":\"https:\/\/www.adformandum.org\/#organization\"},\"potentialAction\":[{\"@type\":\"SearchAction\",\"target\":{\"@type\":\"EntryPoint\",\"urlTemplate\":\"https:\/\/www.adformandum.org\/?s={search_term_string}\"},\"query-input\":\"required name=search_term_string\"}],\"inLanguage\":\"sl-SI\"},{\"@type\":\"Organization\",\"@id\":\"https:\/\/www.adformandum.org\/#organization\",\"name\":\"AD Formandum\",\"url\":\"https:\/\/www.adformandum.org\/\",\"logo\":{\"@type\":\"ImageObject\",\"inLanguage\":\"sl-SI\",\"@id\":\"https:\/\/www.adformandum.org\/#\/schema\/logo\/image\/\",\"url\":\"https:\/\/www.adformandum.org\/wp-content\/uploads\/2019\/06\/logo-new.png\",\"contentUrl\":\"https:\/\/www.adformandum.org\/wp-content\/uploads\/2019\/06\/logo-new.png\",\"width\":330,\"height\":65,\"caption\":\"AD Formandum\"},\"image\":{\"@id\":\"https:\/\/www.adformandum.org\/#\/schema\/logo\/image\/\"},\"sameAs\":[\"https:\/\/www.facebook.com\/adformandum\/\",\"https:\/\/twitter.com\/AdFormandum\",\"https:\/\/www.linkedin.com\/company\/ad-formandum\"]},{\"@type\":\"Person\",\"@id\":\"https:\/\/www.adformandum.org\/#\/schema\/person\/da9dbf61ecdb71b1eaa06eeb2355b9c4\",\"name\":\"Maja Humar\",\"image\":{\"@type\":\"ImageObject\",\"inLanguage\":\"sl-SI\",\"@id\":\"https:\/\/www.adformandum.org\/#\/schema\/person\/image\/\",\"url\":\"https:\/\/secure.gravatar.com\/avatar\/b21db73e1c446176e7fab591290746e3?s=96&d=mm&r=g\",\"contentUrl\":\"https:\/\/secure.gravatar.com\/avatar\/b21db73e1c446176e7fab591290746e3?s=96&d=mm&r=g\",\"caption\":\"Maja Humar\"}}]}<\/script>\n<!-- \/ Yoast SEO plugin. -->","yoast_head_json":{"title":"Prekinitev dejavnosti do 3. aprila 2020 - AD Formandum","robots":{"index":"index","follow":"follow","max-snippet":"max-snippet:-1","max-image-preview":"max-image-preview:large","max-video-preview":"max-video-preview:-1"},"canonical":"https:\/\/www.adformandum.org\/sospensione-delle-attivita-fino-al-3-aprile-2020\/","og_locale":"sl_SI","og_type":"article","og_title":"Prekinitev dejavnosti do 3. aprila 2020 - AD Formandum","og_description":"Za zajezitev \u0161irjenja virusa Covid-19 in ob spo\u0161tovanju dekreta predsednika vlade D.P.C.M. z dne 9. marca 2020 so vse didakti\u010dne dejavnosti prekinjene. Uradi so zaprti za javnost. Za morebitna sporo\u010dila je na voljo naslov epo\u0161te info@adformandum.org ali telefonska \u0161tevilka 040-566360. #ostanimodoma","og_url":"https:\/\/www.adformandum.org\/sospensione-delle-attivita-fino-al-3-aprile-2020\/","og_site_name":"AD Formandum","article_publisher":"https:\/\/www.facebook.com\/adformandum\/","article_published_time":"2020-03-11T16:04:45+00:00","article_modified_time":"2020-03-11T16:05:50+00:00","og_image":[{"width":1200,"height":1401,"url":"https:\/\/www.adformandum.org\/wp-content\/uploads\/2020\/03\/88291695_2827621277322740_8863425306111770624_o.jpg","type":"image\/jpeg"}],"author":"Maja Humar","twitter_card":"summary_large_image","twitter_creator":"@AdFormandum","twitter_site":"@AdFormandum","twitter_misc":{"Written by":"Maja Humar","Est. reading time":"2 minuti"},"schema":{"@context":"https:\/\/schema.org","@graph":[{"@type":"Article","@id":"https:\/\/www.adformandum.org\/sospensione-delle-attivita-fino-al-3-aprile-2020\/#article","isPartOf":{"@id":"https:\/\/www.adformandum.org\/sospensione-delle-attivita-fino-al-3-aprile-2020\/"},"author":{"name":"Maja Humar","@id":"https:\/\/www.adformandum.org\/#\/schema\/person\/da9dbf61ecdb71b1eaa06eeb2355b9c4"},"headline":"Prekinitev dejavnosti do 3. aprila 2020","datePublished":"2020-03-11T16:04:45+00:00","dateModified":"2020-03-11T16:05:50+00:00","mainEntityOfPage":{"@id":"https:\/\/www.adformandum.org\/sospensione-delle-attivita-fino-al-3-aprile-2020\/"},"wordCount":368,"publisher":{"@id":"https:\/\/www.adformandum.org\/#organization"},"articleSection":["Novice"],"inLanguage":"sl-SI"},{"@type":"WebPage","@id":"https:\/\/www.adformandum.org\/sospensione-delle-attivita-fino-al-3-aprile-2020\/","url":"https:\/\/www.adformandum.org\/sospensione-delle-attivita-fino-al-3-aprile-2020\/","name":"Prekinitev dejavnosti do 3. aprila 2020 - AD Formandum","isPartOf":{"@id":"https:\/\/www.adformandum.org\/#website"},"datePublished":"2020-03-11T16:04:45+00:00","dateModified":"2020-03-11T16:05:50+00:00","breadcrumb":{"@id":"https:\/\/www.adformandum.org\/sospensione-delle-attivita-fino-al-3-aprile-2020\/#breadcrumb"},"inLanguage":"sl-SI","potentialAction":[{"@type":"ReadAction","target":["https:\/\/www.adformandum.org\/sospensione-delle-attivita-fino-al-3-aprile-2020\/"]}]},{"@type":"BreadcrumbList","@id":"https:\/\/www.adformandum.org\/sospensione-delle-attivita-fino-al-3-aprile-2020\/#breadcrumb","itemListElement":[{"@type":"ListItem","position":1,"name":"Home","item":"https:\/\/www.adformandum.org\/"},{"@type":"ListItem","position":2,"name":"Sospensione delle attivit\u00e0 fino al 3 aprile 2020"}]},{"@type":"WebSite","@id":"https:\/\/www.adformandum.org\/#website","url":"https:\/\/www.adformandum.org\/","name":"AD Formandum","description":"impresa sociale - socialno podjetje","publisher":{"@id":"https:\/\/www.adformandum.org\/#organization"},"potentialAction":[{"@type":"SearchAction","target":{"@type":"EntryPoint","urlTemplate":"https:\/\/www.adformandum.org\/?s={search_term_string}"},"query-input":"required name=search_term_string"}],"inLanguage":"sl-SI"},{"@type":"Organization","@id":"https:\/\/www.adformandum.org\/#organization","name":"AD Formandum","url":"https:\/\/www.adformandum.org\/","logo":{"@type":"ImageObject","inLanguage":"sl-SI","@id":"https:\/\/www.adformandum.org\/#\/schema\/logo\/image\/","url":"https:\/\/www.adformandum.org\/wp-content\/uploads\/2019\/06\/logo-new.png","contentUrl":"https:\/\/www.adformandum.org\/wp-content\/uploads\/2019\/06\/logo-new.png","width":330,"height":65,"caption":"AD Formandum"},"image":{"@id":"https:\/\/www.adformandum.org\/#\/schema\/logo\/image\/"},"sameAs":["https:\/\/www.facebook.com\/adformandum\/","https:\/\/twitter.com\/AdFormandum","https:\/\/www.linkedin.com\/company\/ad-formandum"]},{"@type":"Person","@id":"https:\/\/www.adformandum.org\/#\/schema\/person\/da9dbf61ecdb71b1eaa06eeb2355b9c4","name":"Maja Humar","image":{"@type":"ImageObject","inLanguage":"sl-SI","@id":"https:\/\/www.adformandum.org\/#\/schema\/person\/image\/","url":"https:\/\/secure.gravatar.com\/avatar\/b21db73e1c446176e7fab591290746e3?s=96&d=mm&r=g","contentUrl":"https:\/\/secure.gravatar.com\/avatar\/b21db73e1c446176e7fab591290746e3?s=96&d=mm&r=g","caption":"Maja Humar"}}]}},"_links":{"self":[{"href":"https:\/\/www.adformandum.org\/si\/wp-json\/wp\/v2\/posts\/6268"}],"collection":[{"href":"https:\/\/www.adformandum.org\/si\/wp-json\/wp\/v2\/posts"}],"about":[{"href":"https:\/\/www.adformandum.org\/si\/wp-json\/wp\/v2\/types\/post"}],"author":[{"embeddable":true,"href":"https:\/\/www.adformandum.org\/si\/wp-json\/wp\/v2\/users\/2"}],"replies":[{"embeddable":true,"href":"https:\/\/www.adformandum.org\/si\/wp-json\/wp\/v2\/comments?post=6268"}],"version-history":[{"count":1,"href":"https:\/\/www.adformandum.org\/si\/wp-json\/wp\/v2\/posts\/6268\/revisions"}],"predecessor-version":[{"id":6270,"href":"https:\/\/www.adformandum.org\/si\/wp-json\/wp\/v2\/posts\/6268\/revisions\/6270"}],"wp:featuredmedia":[{"embeddable":true,"href":"https:\/\/www.adformandum.org\/si\/wp-json\/wp\/v2\/media\/6269"}],"wp:attachment":[{"href":"https:\/\/www.adformandum.org\/si\/wp-json\/wp\/v2\/media?parent=6268"}],"wp:term":[{"taxonomy":"category","embeddable":true,"href":"https:\/\/www.adformandum.org\/si\/wp-json\/wp\/v2\/categories?post=6268"},{"taxonomy":"post_tag","embeddable":true,"href":"https:\/\/www.adformandum.org\/si\/wp-json\/wp\/v2\/tags?post=6268"}],"curies":[{"name":"wp","href":"https:\/\/api.w.org\/{rel}","templated":true}]}}