{"id":6414,"date":"2020-06-03T12:15:30","date_gmt":"2020-06-03T10:15:30","guid":{"rendered":"http:\/\/www.adformandum.org\/?p=6414"},"modified":"2020-06-03T12:17:17","modified_gmt":"2020-06-03T10:17:17","slug":"ripresa-lefp","status":"publish","type":"post","link":"https:\/\/www.adformandum.org\/si\/ripresa-lefp\/","title":{"rendered":"Odpiramo vrata dijakom te\u010dajev poklicnega izobra\u017eevanja in uposabljanja"},"content":{"rendered":"<p><\/p>\n<p style=\"font-weight: 400;\">Gostinska \u0161ola AD FORMANDUM je pripravljena ponovno odpreti svoja vrata dijakom, ki obiskujejo poklicne te\u010daje s podro\u010dja gostinstva.\u00a0Epidemijolo\u0161ka kriza je od meseca marca prekinila vse u\u010dne dejavnosti v u\u010dilnicah. \u017de takrat je socialna zadruga AD FORMANDUM takoj za\u010dela izvajati dejavnosti pou\u010devanja na daljavo za vseh 11 razredov gostinske \u0161ole v Trstu in Gorici. Od marca naprej je na spletni platformi potekal pouk na daljavo, ki ga je \u0161ola dala na razpolago 135 dijakom, in pri katerem je pou\u010devalo 24 profesorjev.<\/p>\n<p style=\"font-weight: 400;\">\n<p style=\"font-weight: 400;\">Odlok predsednika de\u017eele Furlanije Julijske krajine z dne 3. maja 2020 je med drugimi dolo\u010dbami omogo\u010dil mo\u017enost, da lahko zasebniki, ki izvajajo dejavnosti poklicnega usposabljanja, ponovno za\u010dnejo s te\u010daji samo za tisti del, ki se nana\u0161a na laboratorijske dejavnosti &#8211; tega sicer ni mogo\u010de izvajati na daljavo &#8211; in pod pogojem, da so vzpostavljeni ustrezni varnostni ukrepi proti kontaminaciji s koronavirusom. Od ponedeljka, 8. junija 2020, se bodo tako prakti\u010dne ure znova za\u010dele v kuhinji in baru: v \u0161olo se bodo vrnili dijaki tretjih letnikov na obeh sede\u017eih zavoda AD FORMANDUM, tako kot se dijaki \u010detrtega letnika pripravljajo na vrnitev v podjetja na kraj\u0161i \u010das pripravni\u0161tva. Za preostale razrede se nadaljuje \u0161olanje na daljavo.<\/p>\n<p style=\"font-weight: 400;\">\n<p style=\"font-weight: 400;\">&#8220;Na\u0161a organizacijska struktura je takoj oblikovala notranji protokol za vodenje in upravljanje dejavnosti na na\u010din, ki bo zagotovil nadaljevanje pouka v najve\u010dji varnosti in s tem minimaliziral tveganje za oku\u017ebo&#8221;, poudarja predsednica zavoda Mirjam Malalan, ki naniza nekaj izmed sprejetih varnostnih ukrepov, kot so nadzor nad telesno temperaturo na vhodu v stavbo, vsakodnevno saniranje strukture, razdelitev dijakov na majhne delovne skupine, da se zagotovi medosebno distanciranje med poukom, uporaba za\u0161\u010ditnih pripomo\u010dkov za dijake in profesorje, pa tudi osebje zavoda, \u010di\u0161\u010denje rok in smotrno upravljanje skupnih prostorov ter nenazadnje dezinfekcija z ozonom, ki je bila zaupana zunanjemu podjetju. Vsi dijaki bodo ob vrnitvi v laboratorije obve\u0161\u010deni o varnostnih pravilih in podu\u010deni glede ravnanja ob spo\u0161tovanju priporo\u010dil glede osebne higijene. Pravila in priporo\u010dila, ki so razobe\u0161ena tudi na informativnih panojih v \u0161olskih prostorih.<\/p>\n<p style=\"font-weight: 400;\">\n<p style=\"font-weight: 400;\">\u00bbNa\u0161 na\u010din usposabljanja sloni na strokovnem pridobivanju kompetenc, ki se jih dijaki izu\u010dijo pri prakti\u010dnem pouku\u00a0v laboratorijih. Zaradi tega je nadaljevanje pouka v laboratorijih pomembno predvsem za dijake, ki bodo, \u010deprav za omejeno obdobje, saj so zdaj \u017ee ob koncu \u0161olskega leta, zopet na\u0161li tisti duh \u0161olske skupnosti, ki ga je epidemijolo\u0161ka kriza Covid-19 neizogibno prekinila\u201d, zaklju\u010duje predsednica.<\/p>\n<p><\/p>","protected":false},"excerpt":{"rendered":"<p>Gostinska \u0161ola AD FORMANDUM je pripravljena ponovno odpreti svoja vrata dijakom, ki obiskujejo poklicne te\u010daje s podro\u010dja gostinstva.\u00a0Epidemijolo\u0161ka kriza je od meseca marca prekinila vse u\u010dne dejavnosti v u\u010dilnicah. \u017de takrat je socialna zadruga AD FORMANDUM takoj za\u010dela izvajati dejavnosti pou\u010devanja na daljavo za vseh 11 razredov gostinske \u0161ole v Trstu in Gorici. Od marca naprej [&hellip;]<\/p>\n","protected":false},"author":3,"featured_media":6416,"comment_status":"closed","ping_status":"open","sticky":false,"template":"","format":"standard","meta":{"_mi_skip_tracking":false,"_monsterinsights_sitenote_active":false,"_monsterinsights_sitenote_note":"","_monsterinsights_sitenote_category":0,"footnotes":""},"categories":[221],"tags":[],"yoast_head":"<!-- This site is optimized with the Yoast SEO plugin v21.5 - https:\/\/yoast.com\/wordpress\/plugins\/seo\/ -->\n<title>Odpiramo vrata dijakom te\u010dajev poklicnega izobra\u017eevanja in uposabljanja - AD Formandum<\/title>\n<meta name=\"robots\" content=\"index, follow, max-snippet:-1, max-image-preview:large, max-video-preview:-1\" \/>\n<link rel=\"canonical\" href=\"https:\/\/www.adformandum.org\/si\/ripresa-lefp\/\" \/>\n<meta property=\"og:locale\" content=\"sl_SI\" \/>\n<meta property=\"og:type\" content=\"article\" \/>\n<meta property=\"og:title\" content=\"Odpiramo vrata dijakom te\u010dajev poklicnega izobra\u017eevanja in uposabljanja - AD Formandum\" \/>\n<meta property=\"og:description\" content=\"Gostinska \u0161ola AD FORMANDUM je pripravljena ponovno odpreti svoja vrata dijakom, ki obiskujejo poklicne te\u010daje s podro\u010dja gostinstva.\u00a0Epidemijolo\u0161ka kriza je od meseca marca prekinila vse u\u010dne dejavnosti v u\u010dilnicah. \u017de takrat je socialna zadruga AD FORMANDUM takoj za\u010dela izvajati dejavnosti pou\u010devanja na daljavo za vseh 11 razredov gostinske \u0161ole v Trstu in Gorici. Od marca naprej [&hellip;]\" \/>\n<meta property=\"og:url\" content=\"https:\/\/www.adformandum.org\/si\/ripresa-lefp\/\" \/>\n<meta property=\"og:site_name\" content=\"AD Formandum\" \/>\n<meta property=\"article:publisher\" content=\"https:\/\/www.facebook.com\/adformandum\/\" \/>\n<meta property=\"article:published_time\" content=\"2020-06-03T10:15:30+00:00\" \/>\n<meta property=\"article:modified_time\" content=\"2020-06-03T10:17:17+00:00\" \/>\n<meta property=\"og:image\" content=\"https:\/\/www.adformandum.org\/wp-content\/uploads\/2020\/06\/1200x750_ADFORMANDUM_young-chef.jpg\" \/>\n\t<meta property=\"og:image:width\" content=\"1200\" \/>\n\t<meta property=\"og:image:height\" content=\"750\" \/>\n\t<meta property=\"og:image:type\" content=\"image\/jpeg\" \/>\n<meta name=\"author\" content=\"Matija Spinazzola\" \/>\n<meta name=\"twitter:card\" content=\"summary_large_image\" \/>\n<meta name=\"twitter:creator\" content=\"@AdFormandum\" \/>\n<meta name=\"twitter:site\" content=\"@AdFormandum\" \/>\n<meta name=\"twitter:label1\" content=\"Written by\" \/>\n\t<meta name=\"twitter:data1\" content=\"Matija Spinazzola\" \/>\n\t<meta name=\"twitter:label2\" content=\"Est. reading time\" \/>\n\t<meta name=\"twitter:data2\" content=\"4 minute\" \/>\n<script type=\"application\/ld+json\" class=\"yoast-schema-graph\">{\"@context\":\"https:\/\/schema.org\",\"@graph\":[{\"@type\":\"Article\",\"@id\":\"https:\/\/www.adformandum.org\/si\/ripresa-lefp\/#article\",\"isPartOf\":{\"@id\":\"https:\/\/www.adformandum.org\/si\/ripresa-lefp\/\"},\"author\":{\"name\":\"Matija Spinazzola\",\"@id\":\"https:\/\/www.adformandum.org\/#\/schema\/person\/a1d28fa04bfa371f4aca28b020e05457\"},\"headline\":\"Odpiramo vrata dijakom te\u010dajev poklicnega izobra\u017eevanja in uposabljanja\",\"datePublished\":\"2020-06-03T10:15:30+00:00\",\"dateModified\":\"2020-06-03T10:17:17+00:00\",\"mainEntityOfPage\":{\"@id\":\"https:\/\/www.adformandum.org\/si\/ripresa-lefp\/\"},\"wordCount\":896,\"publisher\":{\"@id\":\"https:\/\/www.adformandum.org\/#organization\"},\"articleSection\":[\"Novice\"],\"inLanguage\":\"sl-SI\"},{\"@type\":\"WebPage\",\"@id\":\"https:\/\/www.adformandum.org\/si\/ripresa-lefp\/\",\"url\":\"https:\/\/www.adformandum.org\/si\/ripresa-lefp\/\",\"name\":\"Odpiramo vrata dijakom te\u010dajev poklicnega izobra\u017eevanja in uposabljanja - AD Formandum\",\"isPartOf\":{\"@id\":\"https:\/\/www.adformandum.org\/#website\"},\"datePublished\":\"2020-06-03T10:15:30+00:00\",\"dateModified\":\"2020-06-03T10:17:17+00:00\",\"breadcrumb\":{\"@id\":\"https:\/\/www.adformandum.org\/si\/ripresa-lefp\/#breadcrumb\"},\"inLanguage\":\"sl-SI\",\"potentialAction\":[{\"@type\":\"ReadAction\",\"target\":[\"https:\/\/www.adformandum.org\/si\/ripresa-lefp\/\"]}]},{\"@type\":\"BreadcrumbList\",\"@id\":\"https:\/\/www.adformandum.org\/si\/ripresa-lefp\/#breadcrumb\",\"itemListElement\":[{\"@type\":\"ListItem\",\"position\":1,\"name\":\"Home\",\"item\":\"https:\/\/www.adformandum.org\/\"},{\"@type\":\"ListItem\",\"position\":2,\"name\":\"Odpiramo vrata dijakom te\u010dajev poklicnega izobra\u017eevanja in uposabljanja\"}]},{\"@type\":\"WebSite\",\"@id\":\"https:\/\/www.adformandum.org\/#website\",\"url\":\"https:\/\/www.adformandum.org\/\",\"name\":\"AD Formandum\",\"description\":\"impresa sociale - socialno podjetje\",\"publisher\":{\"@id\":\"https:\/\/www.adformandum.org\/#organization\"},\"potentialAction\":[{\"@type\":\"SearchAction\",\"target\":{\"@type\":\"EntryPoint\",\"urlTemplate\":\"https:\/\/www.adformandum.org\/?s={search_term_string}\"},\"query-input\":\"required name=search_term_string\"}],\"inLanguage\":\"sl-SI\"},{\"@type\":\"Organization\",\"@id\":\"https:\/\/www.adformandum.org\/#organization\",\"name\":\"AD Formandum\",\"url\":\"https:\/\/www.adformandum.org\/\",\"logo\":{\"@type\":\"ImageObject\",\"inLanguage\":\"sl-SI\",\"@id\":\"https:\/\/www.adformandum.org\/#\/schema\/logo\/image\/\",\"url\":\"https:\/\/www.adformandum.org\/wp-content\/uploads\/2019\/06\/logo-new.png\",\"contentUrl\":\"https:\/\/www.adformandum.org\/wp-content\/uploads\/2019\/06\/logo-new.png\",\"width\":330,\"height\":65,\"caption\":\"AD Formandum\"},\"image\":{\"@id\":\"https:\/\/www.adformandum.org\/#\/schema\/logo\/image\/\"},\"sameAs\":[\"https:\/\/www.facebook.com\/adformandum\/\",\"https:\/\/twitter.com\/AdFormandum\",\"https:\/\/www.linkedin.com\/company\/ad-formandum\"]},{\"@type\":\"Person\",\"@id\":\"https:\/\/www.adformandum.org\/#\/schema\/person\/a1d28fa04bfa371f4aca28b020e05457\",\"name\":\"Matija Spinazzola\",\"image\":{\"@type\":\"ImageObject\",\"inLanguage\":\"sl-SI\",\"@id\":\"https:\/\/www.adformandum.org\/#\/schema\/person\/image\/\",\"url\":\"https:\/\/secure.gravatar.com\/avatar\/52423512633f31e8c50d1ae46b5d0e98?s=96&d=mm&r=g\",\"contentUrl\":\"https:\/\/secure.gravatar.com\/avatar\/52423512633f31e8c50d1ae46b5d0e98?s=96&d=mm&r=g\",\"caption\":\"Matija Spinazzola\"},\"sameAs\":[\"http:\/\/www.tmedia.it\"]}]}<\/script>\n<!-- \/ Yoast SEO plugin. -->","yoast_head_json":{"title":"Odpiramo vrata dijakom te\u010dajev poklicnega izobra\u017eevanja in uposabljanja - AD Formandum","robots":{"index":"index","follow":"follow","max-snippet":"max-snippet:-1","max-image-preview":"max-image-preview:large","max-video-preview":"max-video-preview:-1"},"canonical":"https:\/\/www.adformandum.org\/si\/ripresa-lefp\/","og_locale":"sl_SI","og_type":"article","og_title":"Odpiramo vrata dijakom te\u010dajev poklicnega izobra\u017eevanja in uposabljanja - AD Formandum","og_description":"Gostinska \u0161ola AD FORMANDUM je pripravljena ponovno odpreti svoja vrata dijakom, ki obiskujejo poklicne te\u010daje s podro\u010dja gostinstva.\u00a0Epidemijolo\u0161ka kriza je od meseca marca prekinila vse u\u010dne dejavnosti v u\u010dilnicah. \u017de takrat je socialna zadruga AD FORMANDUM takoj za\u010dela izvajati dejavnosti pou\u010devanja na daljavo za vseh 11 razredov gostinske \u0161ole v Trstu in Gorici. Od marca naprej [&hellip;]","og_url":"https:\/\/www.adformandum.org\/si\/ripresa-lefp\/","og_site_name":"AD Formandum","article_publisher":"https:\/\/www.facebook.com\/adformandum\/","article_published_time":"2020-06-03T10:15:30+00:00","article_modified_time":"2020-06-03T10:17:17+00:00","og_image":[{"width":1200,"height":750,"url":"https:\/\/www.adformandum.org\/wp-content\/uploads\/2020\/06\/1200x750_ADFORMANDUM_young-chef.jpg","type":"image\/jpeg"}],"author":"Matija Spinazzola","twitter_card":"summary_large_image","twitter_creator":"@AdFormandum","twitter_site":"@AdFormandum","twitter_misc":{"Written by":"Matija Spinazzola","Est. reading time":"4 minute"},"schema":{"@context":"https:\/\/schema.org","@graph":[{"@type":"Article","@id":"https:\/\/www.adformandum.org\/si\/ripresa-lefp\/#article","isPartOf":{"@id":"https:\/\/www.adformandum.org\/si\/ripresa-lefp\/"},"author":{"name":"Matija Spinazzola","@id":"https:\/\/www.adformandum.org\/#\/schema\/person\/a1d28fa04bfa371f4aca28b020e05457"},"headline":"Odpiramo vrata dijakom te\u010dajev poklicnega izobra\u017eevanja in uposabljanja","datePublished":"2020-06-03T10:15:30+00:00","dateModified":"2020-06-03T10:17:17+00:00","mainEntityOfPage":{"@id":"https:\/\/www.adformandum.org\/si\/ripresa-lefp\/"},"wordCount":896,"publisher":{"@id":"https:\/\/www.adformandum.org\/#organization"},"articleSection":["Novice"],"inLanguage":"sl-SI"},{"@type":"WebPage","@id":"https:\/\/www.adformandum.org\/si\/ripresa-lefp\/","url":"https:\/\/www.adformandum.org\/si\/ripresa-lefp\/","name":"Odpiramo vrata dijakom te\u010dajev poklicnega izobra\u017eevanja in uposabljanja - AD Formandum","isPartOf":{"@id":"https:\/\/www.adformandum.org\/#website"},"datePublished":"2020-06-03T10:15:30+00:00","dateModified":"2020-06-03T10:17:17+00:00","breadcrumb":{"@id":"https:\/\/www.adformandum.org\/si\/ripresa-lefp\/#breadcrumb"},"inLanguage":"sl-SI","potentialAction":[{"@type":"ReadAction","target":["https:\/\/www.adformandum.org\/si\/ripresa-lefp\/"]}]},{"@type":"BreadcrumbList","@id":"https:\/\/www.adformandum.org\/si\/ripresa-lefp\/#breadcrumb","itemListElement":[{"@type":"ListItem","position":1,"name":"Home","item":"https:\/\/www.adformandum.org\/"},{"@type":"ListItem","position":2,"name":"Odpiramo vrata dijakom te\u010dajev poklicnega izobra\u017eevanja in uposabljanja"}]},{"@type":"WebSite","@id":"https:\/\/www.adformandum.org\/#website","url":"https:\/\/www.adformandum.org\/","name":"AD Formandum","description":"impresa sociale - socialno podjetje","publisher":{"@id":"https:\/\/www.adformandum.org\/#organization"},"potentialAction":[{"@type":"SearchAction","target":{"@type":"EntryPoint","urlTemplate":"https:\/\/www.adformandum.org\/?s={search_term_string}"},"query-input":"required name=search_term_string"}],"inLanguage":"sl-SI"},{"@type":"Organization","@id":"https:\/\/www.adformandum.org\/#organization","name":"AD Formandum","url":"https:\/\/www.adformandum.org\/","logo":{"@type":"ImageObject","inLanguage":"sl-SI","@id":"https:\/\/www.adformandum.org\/#\/schema\/logo\/image\/","url":"https:\/\/www.adformandum.org\/wp-content\/uploads\/2019\/06\/logo-new.png","contentUrl":"https:\/\/www.adformandum.org\/wp-content\/uploads\/2019\/06\/logo-new.png","width":330,"height":65,"caption":"AD Formandum"},"image":{"@id":"https:\/\/www.adformandum.org\/#\/schema\/logo\/image\/"},"sameAs":["https:\/\/www.facebook.com\/adformandum\/","https:\/\/twitter.com\/AdFormandum","https:\/\/www.linkedin.com\/company\/ad-formandum"]},{"@type":"Person","@id":"https:\/\/www.adformandum.org\/#\/schema\/person\/a1d28fa04bfa371f4aca28b020e05457","name":"Matija Spinazzola","image":{"@type":"ImageObject","inLanguage":"sl-SI","@id":"https:\/\/www.adformandum.org\/#\/schema\/person\/image\/","url":"https:\/\/secure.gravatar.com\/avatar\/52423512633f31e8c50d1ae46b5d0e98?s=96&d=mm&r=g","contentUrl":"https:\/\/secure.gravatar.com\/avatar\/52423512633f31e8c50d1ae46b5d0e98?s=96&d=mm&r=g","caption":"Matija Spinazzola"},"sameAs":["http:\/\/www.tmedia.it"]}]}},"_links":{"self":[{"href":"https:\/\/www.adformandum.org\/si\/wp-json\/wp\/v2\/posts\/6414"}],"collection":[{"href":"https:\/\/www.adformandum.org\/si\/wp-json\/wp\/v2\/posts"}],"about":[{"href":"https:\/\/www.adformandum.org\/si\/wp-json\/wp\/v2\/types\/post"}],"author":[{"embeddable":true,"href":"https:\/\/www.adformandum.org\/si\/wp-json\/wp\/v2\/users\/3"}],"replies":[{"embeddable":true,"href":"https:\/\/www.adformandum.org\/si\/wp-json\/wp\/v2\/comments?post=6414"}],"version-history":[{"count":2,"href":"https:\/\/www.adformandum.org\/si\/wp-json\/wp\/v2\/posts\/6414\/revisions"}],"predecessor-version":[{"id":6417,"href":"https:\/\/www.adformandum.org\/si\/wp-json\/wp\/v2\/posts\/6414\/revisions\/6417"}],"wp:featuredmedia":[{"embeddable":true,"href":"https:\/\/www.adformandum.org\/si\/wp-json\/wp\/v2\/media\/6416"}],"wp:attachment":[{"href":"https:\/\/www.adformandum.org\/si\/wp-json\/wp\/v2\/media?parent=6414"}],"wp:term":[{"taxonomy":"category","embeddable":true,"href":"https:\/\/www.adformandum.org\/si\/wp-json\/wp\/v2\/categories?post=6414"},{"taxonomy":"post_tag","embeddable":true,"href":"https:\/\/www.adformandum.org\/si\/wp-json\/wp\/v2\/tags?post=6414"}],"curies":[{"name":"wp","href":"https:\/\/api.w.org\/{rel}","templated":true}]}}