{"id":6462,"date":"2020-06-26T08:50:13","date_gmt":"2020-06-26T06:50:13","guid":{"rendered":"http:\/\/www.adformandum.org\/?p=6462"},"modified":"2020-06-26T08:52:56","modified_gmt":"2020-06-26T06:52:56","slug":"open-day-in-streaming","status":"publish","type":"post","link":"https:\/\/www.adformandum.org\/si\/open-day-in-streaming\/","title":{"rendered":"Open day po streamingu"},"content":{"rendered":"<p>Gostinska \u0161ola AD FORMANDUM s sede\u017eem v Trstu in Gorici vabi na virtualni open day, ki bo v petek 3. julija, od 10. do 12. ure.<br \/>\nPredstavili bomo te\u010daje poklicnega izobra\u017eevanja in usposabljanja za profile kuharja, natakarja in sla\u0161\u010di\u010darja.<br \/>\nPredstavitev lahko spremljate v \u017eivo na facebook strani AD FORMANDUM ali na Youtube kanalu.\u00a0Po predstavitvi bodo govorci na razpolago za va\u0161a vpra\u0161anja.<\/p>\n<p>Program:<br \/>\n&#8211; 10.00: predstavitev te\u010dajev v italijanskem jeziku<br \/>\n&#8211; 11.00: predstavitev te\u010dajev v slovenskem jeziku<\/p>\n<p>Izobra\u017eevanje je namenjeno mladim, od 14. do 18. leta in je brezpla\u010dno.<\/p>\n<p>&nbsp;<\/p>","protected":false},"excerpt":{"rendered":"<p>Gostinska \u0161ola AD FORMANDUM s sede\u017eem v Trstu in Gorici vabi na virtualni open day, ki bo v petek 3. julija, od 10. do 12. ure. Predstavili bomo te\u010daje poklicnega izobra\u017eevanja in usposabljanja za profile kuharja, natakarja in sla\u0161\u010di\u010darja. Predstavitev lahko spremljate v \u017eivo na facebook strani AD FORMANDUM ali na Youtube kanalu.\u00a0Po predstavitvi bodo govorci [&hellip;]<\/p>\n","protected":false},"author":2,"featured_media":6463,"comment_status":"closed","ping_status":"open","sticky":false,"template":"","format":"standard","meta":{"_mi_skip_tracking":false,"_monsterinsights_sitenote_active":false,"_monsterinsights_sitenote_note":"","_monsterinsights_sitenote_category":0,"footnotes":""},"categories":[221],"tags":[],"yoast_head":"<!-- This site is optimized with the Yoast SEO plugin v21.5 - https:\/\/yoast.com\/wordpress\/plugins\/seo\/ -->\n<title>Open day po streamingu - AD Formandum<\/title>\n<meta name=\"robots\" content=\"index, follow, max-snippet:-1, max-image-preview:large, max-video-preview:-1\" \/>\n<link rel=\"canonical\" href=\"https:\/\/www.adformandum.org\/open-day-in-streaming\/\" \/>\n<meta property=\"og:locale\" content=\"sl_SI\" \/>\n<meta property=\"og:type\" content=\"article\" \/>\n<meta property=\"og:title\" content=\"Open day po streamingu - AD Formandum\" \/>\n<meta property=\"og:description\" content=\"Gostinska \u0161ola AD FORMANDUM s sede\u017eem v Trstu in Gorici vabi na virtualni open day, ki bo v petek 3. julija, od 10. do 12. ure. Predstavili bomo te\u010daje poklicnega izobra\u017eevanja in usposabljanja za profile kuharja, natakarja in sla\u0161\u010di\u010darja. Predstavitev lahko spremljate v \u017eivo na facebook strani AD FORMANDUM ali na Youtube kanalu.\u00a0Po predstavitvi bodo govorci [&hellip;]\" \/>\n<meta property=\"og:url\" content=\"https:\/\/www.adformandum.org\/open-day-in-streaming\/\" \/>\n<meta property=\"og:site_name\" content=\"AD Formandum\" \/>\n<meta property=\"article:publisher\" content=\"https:\/\/www.facebook.com\/adformandum\/\" \/>\n<meta property=\"article:published_time\" content=\"2020-06-26T06:50:13+00:00\" \/>\n<meta property=\"article:modified_time\" content=\"2020-06-26T06:52:56+00:00\" \/>\n<meta property=\"og:image\" content=\"https:\/\/www.adformandum.org\/wp-content\/uploads\/2020\/06\/1200x1200_ADFORMANDUM_stream2.jpg\" \/>\n\t<meta property=\"og:image:width\" content=\"1200\" \/>\n\t<meta property=\"og:image:height\" content=\"1200\" \/>\n\t<meta property=\"og:image:type\" content=\"image\/jpeg\" \/>\n<meta name=\"author\" content=\"Maja Humar\" \/>\n<meta name=\"twitter:card\" content=\"summary_large_image\" \/>\n<meta name=\"twitter:creator\" content=\"@AdFormandum\" \/>\n<meta name=\"twitter:site\" content=\"@AdFormandum\" \/>\n<meta name=\"twitter:label1\" content=\"Written by\" \/>\n\t<meta name=\"twitter:data1\" content=\"Maja Humar\" \/>\n\t<meta name=\"twitter:label2\" content=\"Est. reading time\" \/>\n\t<meta name=\"twitter:data2\" content=\"1 minuta\" \/>\n<script type=\"application\/ld+json\" class=\"yoast-schema-graph\">{\"@context\":\"https:\/\/schema.org\",\"@graph\":[{\"@type\":\"Article\",\"@id\":\"https:\/\/www.adformandum.org\/open-day-in-streaming\/#article\",\"isPartOf\":{\"@id\":\"https:\/\/www.adformandum.org\/open-day-in-streaming\/\"},\"author\":{\"name\":\"Maja Humar\",\"@id\":\"https:\/\/www.adformandum.org\/#\/schema\/person\/da9dbf61ecdb71b1eaa06eeb2355b9c4\"},\"headline\":\"Open day po streamingu\",\"datePublished\":\"2020-06-26T06:50:13+00:00\",\"dateModified\":\"2020-06-26T06:52:56+00:00\",\"mainEntityOfPage\":{\"@id\":\"https:\/\/www.adformandum.org\/open-day-in-streaming\/\"},\"wordCount\":232,\"publisher\":{\"@id\":\"https:\/\/www.adformandum.org\/#organization\"},\"articleSection\":[\"Novice\"],\"inLanguage\":\"sl-SI\"},{\"@type\":\"WebPage\",\"@id\":\"https:\/\/www.adformandum.org\/open-day-in-streaming\/\",\"url\":\"https:\/\/www.adformandum.org\/open-day-in-streaming\/\",\"name\":\"Open day po streamingu - AD Formandum\",\"isPartOf\":{\"@id\":\"https:\/\/www.adformandum.org\/#website\"},\"datePublished\":\"2020-06-26T06:50:13+00:00\",\"dateModified\":\"2020-06-26T06:52:56+00:00\",\"breadcrumb\":{\"@id\":\"https:\/\/www.adformandum.org\/open-day-in-streaming\/#breadcrumb\"},\"inLanguage\":\"sl-SI\",\"potentialAction\":[{\"@type\":\"ReadAction\",\"target\":[\"https:\/\/www.adformandum.org\/open-day-in-streaming\/\"]}]},{\"@type\":\"BreadcrumbList\",\"@id\":\"https:\/\/www.adformandum.org\/open-day-in-streaming\/#breadcrumb\",\"itemListElement\":[{\"@type\":\"ListItem\",\"position\":1,\"name\":\"Home\",\"item\":\"https:\/\/www.adformandum.org\/\"},{\"@type\":\"ListItem\",\"position\":2,\"name\":\"Open day in streaming\"}]},{\"@type\":\"WebSite\",\"@id\":\"https:\/\/www.adformandum.org\/#website\",\"url\":\"https:\/\/www.adformandum.org\/\",\"name\":\"AD Formandum\",\"description\":\"impresa sociale - socialno podjetje\",\"publisher\":{\"@id\":\"https:\/\/www.adformandum.org\/#organization\"},\"potentialAction\":[{\"@type\":\"SearchAction\",\"target\":{\"@type\":\"EntryPoint\",\"urlTemplate\":\"https:\/\/www.adformandum.org\/?s={search_term_string}\"},\"query-input\":\"required name=search_term_string\"}],\"inLanguage\":\"sl-SI\"},{\"@type\":\"Organization\",\"@id\":\"https:\/\/www.adformandum.org\/#organization\",\"name\":\"AD Formandum\",\"url\":\"https:\/\/www.adformandum.org\/\",\"logo\":{\"@type\":\"ImageObject\",\"inLanguage\":\"sl-SI\",\"@id\":\"https:\/\/www.adformandum.org\/#\/schema\/logo\/image\/\",\"url\":\"https:\/\/www.adformandum.org\/wp-content\/uploads\/2019\/06\/logo-new.png\",\"contentUrl\":\"https:\/\/www.adformandum.org\/wp-content\/uploads\/2019\/06\/logo-new.png\",\"width\":330,\"height\":65,\"caption\":\"AD Formandum\"},\"image\":{\"@id\":\"https:\/\/www.adformandum.org\/#\/schema\/logo\/image\/\"},\"sameAs\":[\"https:\/\/www.facebook.com\/adformandum\/\",\"https:\/\/twitter.com\/AdFormandum\",\"https:\/\/www.linkedin.com\/company\/ad-formandum\"]},{\"@type\":\"Person\",\"@id\":\"https:\/\/www.adformandum.org\/#\/schema\/person\/da9dbf61ecdb71b1eaa06eeb2355b9c4\",\"name\":\"Maja Humar\",\"image\":{\"@type\":\"ImageObject\",\"inLanguage\":\"sl-SI\",\"@id\":\"https:\/\/www.adformandum.org\/#\/schema\/person\/image\/\",\"url\":\"https:\/\/secure.gravatar.com\/avatar\/b21db73e1c446176e7fab591290746e3?s=96&d=mm&r=g\",\"contentUrl\":\"https:\/\/secure.gravatar.com\/avatar\/b21db73e1c446176e7fab591290746e3?s=96&d=mm&r=g\",\"caption\":\"Maja Humar\"}}]}<\/script>\n<!-- \/ Yoast SEO plugin. -->","yoast_head_json":{"title":"Open day po streamingu - AD Formandum","robots":{"index":"index","follow":"follow","max-snippet":"max-snippet:-1","max-image-preview":"max-image-preview:large","max-video-preview":"max-video-preview:-1"},"canonical":"https:\/\/www.adformandum.org\/open-day-in-streaming\/","og_locale":"sl_SI","og_type":"article","og_title":"Open day po streamingu - AD Formandum","og_description":"Gostinska \u0161ola AD FORMANDUM s sede\u017eem v Trstu in Gorici vabi na virtualni open day, ki bo v petek 3. julija, od 10. do 12. ure. Predstavili bomo te\u010daje poklicnega izobra\u017eevanja in usposabljanja za profile kuharja, natakarja in sla\u0161\u010di\u010darja. Predstavitev lahko spremljate v \u017eivo na facebook strani AD FORMANDUM ali na Youtube kanalu.\u00a0Po predstavitvi bodo govorci [&hellip;]","og_url":"https:\/\/www.adformandum.org\/open-day-in-streaming\/","og_site_name":"AD Formandum","article_publisher":"https:\/\/www.facebook.com\/adformandum\/","article_published_time":"2020-06-26T06:50:13+00:00","article_modified_time":"2020-06-26T06:52:56+00:00","og_image":[{"width":1200,"height":1200,"url":"https:\/\/www.adformandum.org\/wp-content\/uploads\/2020\/06\/1200x1200_ADFORMANDUM_stream2.jpg","type":"image\/jpeg"}],"author":"Maja Humar","twitter_card":"summary_large_image","twitter_creator":"@AdFormandum","twitter_site":"@AdFormandum","twitter_misc":{"Written by":"Maja Humar","Est. reading time":"1 minuta"},"schema":{"@context":"https:\/\/schema.org","@graph":[{"@type":"Article","@id":"https:\/\/www.adformandum.org\/open-day-in-streaming\/#article","isPartOf":{"@id":"https:\/\/www.adformandum.org\/open-day-in-streaming\/"},"author":{"name":"Maja Humar","@id":"https:\/\/www.adformandum.org\/#\/schema\/person\/da9dbf61ecdb71b1eaa06eeb2355b9c4"},"headline":"Open day po streamingu","datePublished":"2020-06-26T06:50:13+00:00","dateModified":"2020-06-26T06:52:56+00:00","mainEntityOfPage":{"@id":"https:\/\/www.adformandum.org\/open-day-in-streaming\/"},"wordCount":232,"publisher":{"@id":"https:\/\/www.adformandum.org\/#organization"},"articleSection":["Novice"],"inLanguage":"sl-SI"},{"@type":"WebPage","@id":"https:\/\/www.adformandum.org\/open-day-in-streaming\/","url":"https:\/\/www.adformandum.org\/open-day-in-streaming\/","name":"Open day po streamingu - AD Formandum","isPartOf":{"@id":"https:\/\/www.adformandum.org\/#website"},"datePublished":"2020-06-26T06:50:13+00:00","dateModified":"2020-06-26T06:52:56+00:00","breadcrumb":{"@id":"https:\/\/www.adformandum.org\/open-day-in-streaming\/#breadcrumb"},"inLanguage":"sl-SI","potentialAction":[{"@type":"ReadAction","target":["https:\/\/www.adformandum.org\/open-day-in-streaming\/"]}]},{"@type":"BreadcrumbList","@id":"https:\/\/www.adformandum.org\/open-day-in-streaming\/#breadcrumb","itemListElement":[{"@type":"ListItem","position":1,"name":"Home","item":"https:\/\/www.adformandum.org\/"},{"@type":"ListItem","position":2,"name":"Open day in streaming"}]},{"@type":"WebSite","@id":"https:\/\/www.adformandum.org\/#website","url":"https:\/\/www.adformandum.org\/","name":"AD Formandum","description":"impresa sociale - socialno podjetje","publisher":{"@id":"https:\/\/www.adformandum.org\/#organization"},"potentialAction":[{"@type":"SearchAction","target":{"@type":"EntryPoint","urlTemplate":"https:\/\/www.adformandum.org\/?s={search_term_string}"},"query-input":"required name=search_term_string"}],"inLanguage":"sl-SI"},{"@type":"Organization","@id":"https:\/\/www.adformandum.org\/#organization","name":"AD Formandum","url":"https:\/\/www.adformandum.org\/","logo":{"@type":"ImageObject","inLanguage":"sl-SI","@id":"https:\/\/www.adformandum.org\/#\/schema\/logo\/image\/","url":"https:\/\/www.adformandum.org\/wp-content\/uploads\/2019\/06\/logo-new.png","contentUrl":"https:\/\/www.adformandum.org\/wp-content\/uploads\/2019\/06\/logo-new.png","width":330,"height":65,"caption":"AD Formandum"},"image":{"@id":"https:\/\/www.adformandum.org\/#\/schema\/logo\/image\/"},"sameAs":["https:\/\/www.facebook.com\/adformandum\/","https:\/\/twitter.com\/AdFormandum","https:\/\/www.linkedin.com\/company\/ad-formandum"]},{"@type":"Person","@id":"https:\/\/www.adformandum.org\/#\/schema\/person\/da9dbf61ecdb71b1eaa06eeb2355b9c4","name":"Maja Humar","image":{"@type":"ImageObject","inLanguage":"sl-SI","@id":"https:\/\/www.adformandum.org\/#\/schema\/person\/image\/","url":"https:\/\/secure.gravatar.com\/avatar\/b21db73e1c446176e7fab591290746e3?s=96&d=mm&r=g","contentUrl":"https:\/\/secure.gravatar.com\/avatar\/b21db73e1c446176e7fab591290746e3?s=96&d=mm&r=g","caption":"Maja Humar"}}]}},"_links":{"self":[{"href":"https:\/\/www.adformandum.org\/si\/wp-json\/wp\/v2\/posts\/6462"}],"collection":[{"href":"https:\/\/www.adformandum.org\/si\/wp-json\/wp\/v2\/posts"}],"about":[{"href":"https:\/\/www.adformandum.org\/si\/wp-json\/wp\/v2\/types\/post"}],"author":[{"embeddable":true,"href":"https:\/\/www.adformandum.org\/si\/wp-json\/wp\/v2\/users\/2"}],"replies":[{"embeddable":true,"href":"https:\/\/www.adformandum.org\/si\/wp-json\/wp\/v2\/comments?post=6462"}],"version-history":[{"count":4,"href":"https:\/\/www.adformandum.org\/si\/wp-json\/wp\/v2\/posts\/6462\/revisions"}],"predecessor-version":[{"id":6467,"href":"https:\/\/www.adformandum.org\/si\/wp-json\/wp\/v2\/posts\/6462\/revisions\/6467"}],"wp:featuredmedia":[{"embeddable":true,"href":"https:\/\/www.adformandum.org\/si\/wp-json\/wp\/v2\/media\/6463"}],"wp:attachment":[{"href":"https:\/\/www.adformandum.org\/si\/wp-json\/wp\/v2\/media?parent=6462"}],"wp:term":[{"taxonomy":"category","embeddable":true,"href":"https:\/\/www.adformandum.org\/si\/wp-json\/wp\/v2\/categories?post=6462"},{"taxonomy":"post_tag","embeddable":true,"href":"https:\/\/www.adformandum.org\/si\/wp-json\/wp\/v2\/tags?post=6462"}],"curies":[{"name":"wp","href":"https:\/\/api.w.org\/{rel}","templated":true}]}}