{"id":7221,"date":"2020-11-12T10:16:55","date_gmt":"2020-11-12T09:16:55","guid":{"rendered":"http:\/\/www.adformandum.org\/?p=7221"},"modified":"2020-11-25T13:07:55","modified_gmt":"2020-11-25T12:07:55","slug":"open-day-scuola-alberghiera","status":"publish","type":"post","link":"https:\/\/www.adformandum.org\/si\/open-day-scuola-alberghiera\/","title":{"rendered":"Open day gostinske \u0161ole"},"content":{"rendered":"<p>Gostinska \u0161ola AD FORMANDUM s sede\u017eem v Trstu in Gorici vabi na virtualni open day, ki bo v soboto 28.11.2020, od 10. do 12. ure.<br \/>\nPredstavili bomo te\u010daje poklicnega izobra\u017eevanja in usposabljanja za profile kuharja, natakarja in sla\u0161\u010di\u010darja.<br \/>\nPredstavitev lahko spremljate v \u017eivo na facebook strani AD FORMANDUM. Po predstavitvi bo mo\u017een dostop na virtualni tour \u0161ole s klikom na link: <a class=\"oajrlxb2 g5ia77u1 qu0x051f esr5mh6w e9989ue4 r7d6kgcz rq0escxv nhd2j8a9 nc684nl6 p7hjln8o kvgmc6g5 cxmmr5t8 oygrvhab hcukyx3x jb3vyjys rz4wbd8a qt6c0cv9 a8nywdso i1ao9s8h esuyzwwr f1sip0of lzcic4wl py34i1dx gpro0wi8\" tabindex=\"0\" role=\"link\" href=\"https:\/\/rudolph.tmedia.it\/adformandum\/?fbclid=IwAR0yTPbXGdwGiEhivmq2f68Na11FLPHJ3flTMVaB8JItd2nPGwpeTAHrZtM\" target=\"_blank\" rel=\"nofollow noopener noreferrer\">https:\/\/rudolph.tmedia.it\/adformandum\/<\/a><\/p>\n<p>Program:<br \/>\n&#8211; 10.00: predstavitev te\u010dajev v italijanskem jeziku<br \/>\n&#8211; 11.00: predstavitev te\u010dajev v slovenskem jeziku<\/p>\n<p>Izobra\u017eevanje je namenjeno mladim, od 14. do 18. leta in je brezpla\u010dno.<\/p>\n<p>&nbsp;<\/p>\n<p>Kontakti:<\/p>\n<p>TS +39 040 566360<br \/>\nGO +39 0481 81826<br \/>\ninfo@adformandum.org<\/p>\n<p>&nbsp;<\/p>","protected":false},"excerpt":{"rendered":"<p>Gostinska \u0161ola AD FORMANDUM s sede\u017eem v Trstu in Gorici vabi na virtualni open day, ki bo v soboto 28.11.2020, od 10. do 12. ure. Predstavili bomo te\u010daje poklicnega izobra\u017eevanja in usposabljanja za profile kuharja, natakarja in sla\u0161\u010di\u010darja. Predstavitev lahko spremljate v \u017eivo na facebook strani AD FORMANDUM. Po predstavitvi bo mo\u017een dostop na virtualni tour [&hellip;]<\/p>\n","protected":false},"author":4,"featured_media":7199,"comment_status":"closed","ping_status":"open","sticky":false,"template":"","format":"standard","meta":{"_mi_skip_tracking":false,"_monsterinsights_sitenote_active":false,"_monsterinsights_sitenote_note":"","_monsterinsights_sitenote_category":0,"footnotes":""},"categories":[221],"tags":[],"yoast_head":"<!-- This site is optimized with the Yoast SEO plugin v21.5 - https:\/\/yoast.com\/wordpress\/plugins\/seo\/ -->\n<title>Open day gostinske \u0161ole - AD Formandum<\/title>\n<meta name=\"robots\" content=\"index, follow, max-snippet:-1, max-image-preview:large, max-video-preview:-1\" \/>\n<link rel=\"canonical\" href=\"https:\/\/www.adformandum.org\/si\/open-day-scuola-alberghiera\/\" \/>\n<meta property=\"og:locale\" content=\"sl_SI\" \/>\n<meta property=\"og:type\" content=\"article\" \/>\n<meta property=\"og:title\" content=\"Open day gostinske \u0161ole - AD Formandum\" \/>\n<meta property=\"og:description\" content=\"Gostinska \u0161ola AD FORMANDUM s sede\u017eem v Trstu in Gorici vabi na virtualni open day, ki bo v soboto 28.11.2020, od 10. do 12. ure. Predstavili bomo te\u010daje poklicnega izobra\u017eevanja in usposabljanja za profile kuharja, natakarja in sla\u0161\u010di\u010darja. Predstavitev lahko spremljate v \u017eivo na facebook strani AD FORMANDUM. Po predstavitvi bo mo\u017een dostop na virtualni tour [&hellip;]\" \/>\n<meta property=\"og:url\" content=\"https:\/\/www.adformandum.org\/si\/open-day-scuola-alberghiera\/\" \/>\n<meta property=\"og:site_name\" content=\"AD Formandum\" \/>\n<meta property=\"article:publisher\" content=\"https:\/\/www.facebook.com\/adformandum\/\" \/>\n<meta property=\"article:published_time\" content=\"2020-11-12T09:16:55+00:00\" \/>\n<meta property=\"article:modified_time\" content=\"2020-11-25T12:07:55+00:00\" \/>\n<meta property=\"og:image\" content=\"https:\/\/www.adformandum.org\/wp-content\/uploads\/2020\/11\/Progetto-senza-titolo-13.png\" \/>\n\t<meta property=\"og:image:width\" content=\"1000\" \/>\n\t<meta property=\"og:image:height\" content=\"600\" \/>\n\t<meta property=\"og:image:type\" content=\"image\/png\" \/>\n<meta name=\"author\" content=\"Francesca Iancig\" \/>\n<meta name=\"twitter:card\" content=\"summary_large_image\" \/>\n<meta name=\"twitter:creator\" content=\"@AdFormandum\" \/>\n<meta name=\"twitter:site\" content=\"@AdFormandum\" \/>\n<meta name=\"twitter:label1\" content=\"Written by\" \/>\n\t<meta name=\"twitter:data1\" content=\"Francesca Iancig\" \/>\n\t<meta name=\"twitter:label2\" content=\"Est. reading time\" \/>\n\t<meta name=\"twitter:data2\" content=\"1 minuta\" \/>\n<script type=\"application\/ld+json\" class=\"yoast-schema-graph\">{\"@context\":\"https:\/\/schema.org\",\"@graph\":[{\"@type\":\"Article\",\"@id\":\"https:\/\/www.adformandum.org\/si\/open-day-scuola-alberghiera\/#article\",\"isPartOf\":{\"@id\":\"https:\/\/www.adformandum.org\/si\/open-day-scuola-alberghiera\/\"},\"author\":{\"name\":\"Francesca Iancig\",\"@id\":\"https:\/\/www.adformandum.org\/#\/schema\/person\/0d25a1ce7394dd5fa537dc04e1a56526\"},\"headline\":\"Open day gostinske \u0161ole\",\"datePublished\":\"2020-11-12T09:16:55+00:00\",\"dateModified\":\"2020-11-25T12:07:55+00:00\",\"mainEntityOfPage\":{\"@id\":\"https:\/\/www.adformandum.org\/si\/open-day-scuola-alberghiera\/\"},\"wordCount\":252,\"publisher\":{\"@id\":\"https:\/\/www.adformandum.org\/#organization\"},\"articleSection\":[\"Novice\"],\"inLanguage\":\"sl-SI\"},{\"@type\":\"WebPage\",\"@id\":\"https:\/\/www.adformandum.org\/si\/open-day-scuola-alberghiera\/\",\"url\":\"https:\/\/www.adformandum.org\/si\/open-day-scuola-alberghiera\/\",\"name\":\"Open day gostinske \u0161ole - AD Formandum\",\"isPartOf\":{\"@id\":\"https:\/\/www.adformandum.org\/#website\"},\"datePublished\":\"2020-11-12T09:16:55+00:00\",\"dateModified\":\"2020-11-25T12:07:55+00:00\",\"breadcrumb\":{\"@id\":\"https:\/\/www.adformandum.org\/si\/open-day-scuola-alberghiera\/#breadcrumb\"},\"inLanguage\":\"sl-SI\",\"potentialAction\":[{\"@type\":\"ReadAction\",\"target\":[\"https:\/\/www.adformandum.org\/si\/open-day-scuola-alberghiera\/\"]}]},{\"@type\":\"BreadcrumbList\",\"@id\":\"https:\/\/www.adformandum.org\/si\/open-day-scuola-alberghiera\/#breadcrumb\",\"itemListElement\":[{\"@type\":\"ListItem\",\"position\":1,\"name\":\"Home\",\"item\":\"https:\/\/www.adformandum.org\/\"},{\"@type\":\"ListItem\",\"position\":2,\"name\":\"Open day gostinske \u0161ole\"}]},{\"@type\":\"WebSite\",\"@id\":\"https:\/\/www.adformandum.org\/#website\",\"url\":\"https:\/\/www.adformandum.org\/\",\"name\":\"AD Formandum\",\"description\":\"impresa sociale - socialno podjetje\",\"publisher\":{\"@id\":\"https:\/\/www.adformandum.org\/#organization\"},\"potentialAction\":[{\"@type\":\"SearchAction\",\"target\":{\"@type\":\"EntryPoint\",\"urlTemplate\":\"https:\/\/www.adformandum.org\/?s={search_term_string}\"},\"query-input\":\"required name=search_term_string\"}],\"inLanguage\":\"sl-SI\"},{\"@type\":\"Organization\",\"@id\":\"https:\/\/www.adformandum.org\/#organization\",\"name\":\"AD Formandum\",\"url\":\"https:\/\/www.adformandum.org\/\",\"logo\":{\"@type\":\"ImageObject\",\"inLanguage\":\"sl-SI\",\"@id\":\"https:\/\/www.adformandum.org\/#\/schema\/logo\/image\/\",\"url\":\"https:\/\/www.adformandum.org\/wp-content\/uploads\/2019\/06\/logo-new.png\",\"contentUrl\":\"https:\/\/www.adformandum.org\/wp-content\/uploads\/2019\/06\/logo-new.png\",\"width\":330,\"height\":65,\"caption\":\"AD Formandum\"},\"image\":{\"@id\":\"https:\/\/www.adformandum.org\/#\/schema\/logo\/image\/\"},\"sameAs\":[\"https:\/\/www.facebook.com\/adformandum\/\",\"https:\/\/twitter.com\/AdFormandum\",\"https:\/\/www.linkedin.com\/company\/ad-formandum\"]},{\"@type\":\"Person\",\"@id\":\"https:\/\/www.adformandum.org\/#\/schema\/person\/0d25a1ce7394dd5fa537dc04e1a56526\",\"name\":\"Francesca Iancig\",\"image\":{\"@type\":\"ImageObject\",\"inLanguage\":\"sl-SI\",\"@id\":\"https:\/\/www.adformandum.org\/#\/schema\/person\/image\/\",\"url\":\"https:\/\/secure.gravatar.com\/avatar\/3f6f9aea4fc448c45fcd1dd487898e04?s=96&d=mm&r=g\",\"contentUrl\":\"https:\/\/secure.gravatar.com\/avatar\/3f6f9aea4fc448c45fcd1dd487898e04?s=96&d=mm&r=g\",\"caption\":\"Francesca Iancig\"}}]}<\/script>\n<!-- \/ Yoast SEO plugin. -->","yoast_head_json":{"title":"Open day gostinske \u0161ole - AD Formandum","robots":{"index":"index","follow":"follow","max-snippet":"max-snippet:-1","max-image-preview":"max-image-preview:large","max-video-preview":"max-video-preview:-1"},"canonical":"https:\/\/www.adformandum.org\/si\/open-day-scuola-alberghiera\/","og_locale":"sl_SI","og_type":"article","og_title":"Open day gostinske \u0161ole - AD Formandum","og_description":"Gostinska \u0161ola AD FORMANDUM s sede\u017eem v Trstu in Gorici vabi na virtualni open day, ki bo v soboto 28.11.2020, od 10. do 12. ure. Predstavili bomo te\u010daje poklicnega izobra\u017eevanja in usposabljanja za profile kuharja, natakarja in sla\u0161\u010di\u010darja. Predstavitev lahko spremljate v \u017eivo na facebook strani AD FORMANDUM. Po predstavitvi bo mo\u017een dostop na virtualni tour [&hellip;]","og_url":"https:\/\/www.adformandum.org\/si\/open-day-scuola-alberghiera\/","og_site_name":"AD Formandum","article_publisher":"https:\/\/www.facebook.com\/adformandum\/","article_published_time":"2020-11-12T09:16:55+00:00","article_modified_time":"2020-11-25T12:07:55+00:00","og_image":[{"width":1000,"height":600,"url":"https:\/\/www.adformandum.org\/wp-content\/uploads\/2020\/11\/Progetto-senza-titolo-13.png","type":"image\/png"}],"author":"Francesca Iancig","twitter_card":"summary_large_image","twitter_creator":"@AdFormandum","twitter_site":"@AdFormandum","twitter_misc":{"Written by":"Francesca Iancig","Est. reading time":"1 minuta"},"schema":{"@context":"https:\/\/schema.org","@graph":[{"@type":"Article","@id":"https:\/\/www.adformandum.org\/si\/open-day-scuola-alberghiera\/#article","isPartOf":{"@id":"https:\/\/www.adformandum.org\/si\/open-day-scuola-alberghiera\/"},"author":{"name":"Francesca Iancig","@id":"https:\/\/www.adformandum.org\/#\/schema\/person\/0d25a1ce7394dd5fa537dc04e1a56526"},"headline":"Open day gostinske \u0161ole","datePublished":"2020-11-12T09:16:55+00:00","dateModified":"2020-11-25T12:07:55+00:00","mainEntityOfPage":{"@id":"https:\/\/www.adformandum.org\/si\/open-day-scuola-alberghiera\/"},"wordCount":252,"publisher":{"@id":"https:\/\/www.adformandum.org\/#organization"},"articleSection":["Novice"],"inLanguage":"sl-SI"},{"@type":"WebPage","@id":"https:\/\/www.adformandum.org\/si\/open-day-scuola-alberghiera\/","url":"https:\/\/www.adformandum.org\/si\/open-day-scuola-alberghiera\/","name":"Open day gostinske \u0161ole - AD Formandum","isPartOf":{"@id":"https:\/\/www.adformandum.org\/#website"},"datePublished":"2020-11-12T09:16:55+00:00","dateModified":"2020-11-25T12:07:55+00:00","breadcrumb":{"@id":"https:\/\/www.adformandum.org\/si\/open-day-scuola-alberghiera\/#breadcrumb"},"inLanguage":"sl-SI","potentialAction":[{"@type":"ReadAction","target":["https:\/\/www.adformandum.org\/si\/open-day-scuola-alberghiera\/"]}]},{"@type":"BreadcrumbList","@id":"https:\/\/www.adformandum.org\/si\/open-day-scuola-alberghiera\/#breadcrumb","itemListElement":[{"@type":"ListItem","position":1,"name":"Home","item":"https:\/\/www.adformandum.org\/"},{"@type":"ListItem","position":2,"name":"Open day gostinske \u0161ole"}]},{"@type":"WebSite","@id":"https:\/\/www.adformandum.org\/#website","url":"https:\/\/www.adformandum.org\/","name":"AD Formandum","description":"impresa sociale - socialno podjetje","publisher":{"@id":"https:\/\/www.adformandum.org\/#organization"},"potentialAction":[{"@type":"SearchAction","target":{"@type":"EntryPoint","urlTemplate":"https:\/\/www.adformandum.org\/?s={search_term_string}"},"query-input":"required name=search_term_string"}],"inLanguage":"sl-SI"},{"@type":"Organization","@id":"https:\/\/www.adformandum.org\/#organization","name":"AD Formandum","url":"https:\/\/www.adformandum.org\/","logo":{"@type":"ImageObject","inLanguage":"sl-SI","@id":"https:\/\/www.adformandum.org\/#\/schema\/logo\/image\/","url":"https:\/\/www.adformandum.org\/wp-content\/uploads\/2019\/06\/logo-new.png","contentUrl":"https:\/\/www.adformandum.org\/wp-content\/uploads\/2019\/06\/logo-new.png","width":330,"height":65,"caption":"AD Formandum"},"image":{"@id":"https:\/\/www.adformandum.org\/#\/schema\/logo\/image\/"},"sameAs":["https:\/\/www.facebook.com\/adformandum\/","https:\/\/twitter.com\/AdFormandum","https:\/\/www.linkedin.com\/company\/ad-formandum"]},{"@type":"Person","@id":"https:\/\/www.adformandum.org\/#\/schema\/person\/0d25a1ce7394dd5fa537dc04e1a56526","name":"Francesca Iancig","image":{"@type":"ImageObject","inLanguage":"sl-SI","@id":"https:\/\/www.adformandum.org\/#\/schema\/person\/image\/","url":"https:\/\/secure.gravatar.com\/avatar\/3f6f9aea4fc448c45fcd1dd487898e04?s=96&d=mm&r=g","contentUrl":"https:\/\/secure.gravatar.com\/avatar\/3f6f9aea4fc448c45fcd1dd487898e04?s=96&d=mm&r=g","caption":"Francesca Iancig"}}]}},"_links":{"self":[{"href":"https:\/\/www.adformandum.org\/si\/wp-json\/wp\/v2\/posts\/7221"}],"collection":[{"href":"https:\/\/www.adformandum.org\/si\/wp-json\/wp\/v2\/posts"}],"about":[{"href":"https:\/\/www.adformandum.org\/si\/wp-json\/wp\/v2\/types\/post"}],"author":[{"embeddable":true,"href":"https:\/\/www.adformandum.org\/si\/wp-json\/wp\/v2\/users\/4"}],"replies":[{"embeddable":true,"href":"https:\/\/www.adformandum.org\/si\/wp-json\/wp\/v2\/comments?post=7221"}],"version-history":[{"count":3,"href":"https:\/\/www.adformandum.org\/si\/wp-json\/wp\/v2\/posts\/7221\/revisions"}],"predecessor-version":[{"id":7252,"href":"https:\/\/www.adformandum.org\/si\/wp-json\/wp\/v2\/posts\/7221\/revisions\/7252"}],"wp:featuredmedia":[{"embeddable":true,"href":"https:\/\/www.adformandum.org\/si\/wp-json\/wp\/v2\/media\/7199"}],"wp:attachment":[{"href":"https:\/\/www.adformandum.org\/si\/wp-json\/wp\/v2\/media?parent=7221"}],"wp:term":[{"taxonomy":"category","embeddable":true,"href":"https:\/\/www.adformandum.org\/si\/wp-json\/wp\/v2\/categories?post=7221"},{"taxonomy":"post_tag","embeddable":true,"href":"https:\/\/www.adformandum.org\/si\/wp-json\/wp\/v2\/tags?post=7221"}],"curies":[{"name":"wp","href":"https:\/\/api.w.org\/{rel}","templated":true}]}}