{"id":8571,"date":"2021-09-06T10:37:19","date_gmt":"2021-09-06T08:37:19","guid":{"rendered":"http:\/\/www.adformandum.org\/?p=8571"},"modified":"2021-09-06T10:40:15","modified_gmt":"2021-09-06T08:40:15","slug":"as202122","status":"publish","type":"post","link":"https:\/\/www.adformandum.org\/si\/as202122\/","title":{"rendered":"Za\u010detek novega \u0161olskega leta"},"content":{"rendered":"<p>Obvestilo star\u0161em:<\/p>\n<p>Obve\u0161\u010damo star\u0161e, v naslednjem tednu bodo potekala sre\u010danja posev\u010dena star\u0161em dijakov gostinske \u0161ole AD FORMANDUM. Spored sre\u010danj:<\/p>\n<p><strong>TRST<\/strong><\/p>\n<p>1. letnik slovenske sekcije: 07\/09\/2021 ura 16.00. Za\u010detek pouka predviden 13\/09\/2021<\/p>\n<p>1. letnik italijanske sekcije: 07\/09\/2021 ura 17.00. Za\u010detek pouka predviden 13\/09\/2021<\/p>\n<p>2. letnik slovenske sekcije: 08\/09\/2021 ura 16.00. Za\u010detek pouka predviden 16\/09\/2021<\/p>\n<p>2. letnik italijanske sekcije: 08\/09\/2021 ura 17.00. Za\u010detek pouka predviden 16\/09\/2021<\/p>\n<p>3. letnik slovenske sekcije: 09\/09\/2021 ura 16.00. Za\u010detek pouka predviden 16\/09\/2021<\/p>\n<p>3. letnik italijanske sekcije: 09\/09\/2021 ura 17.00. Za\u010detek pouka predviden 16\/09\/2021<\/p>\n<p><strong>GORICA<\/strong><\/p>\n<p>Letnik: 06\/09\/2021 ura 17.00. Za\u010detek pouka predviden 16\/09\/2021<\/p>\n<p>Sporo\u010damo, da so \u0161e na razpolago mesta za vpisnine.<\/p>\n<p>Za katere koli vpra\u0161anja lahko nas pokli\u010dete na: (Go) +39 0481 81826<\/p>\n<p>(Ts) +39 040 566360<\/p>\n<p>Iz varnostnih razlogov (COVID-19) prosimo prisotnost enega samega star\u0161a ali skrbnika dijaka.<\/p>\n<p>Hvala za sodelovanje.<\/p>","protected":false},"excerpt":{"rendered":"<p>Obvestilo star\u0161em: Obve\u0161\u010damo star\u0161e, v naslednjem tednu bodo potekala sre\u010danja posev\u010dena star\u0161em dijakov gostinske \u0161ole AD FORMANDUM. Spored sre\u010danj: TRST 1. letnik slovenske sekcije: 07\/09\/2021 ura 16.00. Za\u010detek pouka predviden 13\/09\/2021 1. letnik italijanske sekcije: 07\/09\/2021 ura 17.00. Za\u010detek pouka predviden 13\/09\/2021 2. letnik slovenske sekcije: 08\/09\/2021 ura 16.00. Za\u010detek pouka predviden 16\/09\/2021 2. letnik italijanske [&hellip;]<\/p>\n","protected":false},"author":4,"featured_media":8572,"comment_status":"closed","ping_status":"open","sticky":false,"template":"","format":"standard","meta":{"_mi_skip_tracking":false,"_monsterinsights_sitenote_active":false,"_monsterinsights_sitenote_note":"","_monsterinsights_sitenote_category":0,"footnotes":""},"categories":[221],"tags":[],"yoast_head":"<!-- This site is optimized with the Yoast SEO plugin v21.5 - https:\/\/yoast.com\/wordpress\/plugins\/seo\/ -->\n<title>Za\u010detek novega \u0161olskega leta - AD Formandum<\/title>\n<meta name=\"robots\" content=\"index, follow, max-snippet:-1, max-image-preview:large, max-video-preview:-1\" \/>\n<link rel=\"canonical\" href=\"https:\/\/www.adformandum.org\/as202122\/\" \/>\n<meta property=\"og:locale\" content=\"sl_SI\" \/>\n<meta property=\"og:type\" content=\"article\" \/>\n<meta property=\"og:title\" content=\"Za\u010detek novega \u0161olskega leta - AD Formandum\" \/>\n<meta property=\"og:description\" content=\"Obvestilo star\u0161em: Obve\u0161\u010damo star\u0161e, v naslednjem tednu bodo potekala sre\u010danja posev\u010dena star\u0161em dijakov gostinske \u0161ole AD FORMANDUM. Spored sre\u010danj: TRST 1. letnik slovenske sekcije: 07\/09\/2021 ura 16.00. Za\u010detek pouka predviden 13\/09\/2021 1. letnik italijanske sekcije: 07\/09\/2021 ura 17.00. Za\u010detek pouka predviden 13\/09\/2021 2. letnik slovenske sekcije: 08\/09\/2021 ura 16.00. Za\u010detek pouka predviden 16\/09\/2021 2. letnik italijanske [&hellip;]\" \/>\n<meta property=\"og:url\" content=\"https:\/\/www.adformandum.org\/as202122\/\" \/>\n<meta property=\"og:site_name\" content=\"AD Formandum\" \/>\n<meta property=\"article:publisher\" content=\"https:\/\/www.facebook.com\/adformandum\/\" \/>\n<meta property=\"article:published_time\" content=\"2021-09-06T08:37:19+00:00\" \/>\n<meta property=\"article:modified_time\" content=\"2021-09-06T08:40:15+00:00\" \/>\n<meta property=\"og:image\" content=\"https:\/\/www.adformandum.org\/wp-content\/uploads\/2021\/09\/Progetto-senza-titolo-18.png\" \/>\n\t<meta property=\"og:image:width\" content=\"1920\" \/>\n\t<meta property=\"og:image:height\" content=\"1080\" \/>\n\t<meta property=\"og:image:type\" content=\"image\/png\" \/>\n<meta name=\"author\" content=\"Francesca Iancig\" \/>\n<meta name=\"twitter:card\" content=\"summary_large_image\" \/>\n<meta name=\"twitter:creator\" content=\"@AdFormandum\" \/>\n<meta name=\"twitter:site\" content=\"@AdFormandum\" \/>\n<meta name=\"twitter:label1\" content=\"Written by\" \/>\n\t<meta name=\"twitter:data1\" content=\"Francesca Iancig\" \/>\n\t<meta name=\"twitter:label2\" content=\"Est. reading time\" \/>\n\t<meta name=\"twitter:data2\" content=\"1 minuta\" \/>\n<script type=\"application\/ld+json\" class=\"yoast-schema-graph\">{\"@context\":\"https:\/\/schema.org\",\"@graph\":[{\"@type\":\"Article\",\"@id\":\"https:\/\/www.adformandum.org\/as202122\/#article\",\"isPartOf\":{\"@id\":\"https:\/\/www.adformandum.org\/as202122\/\"},\"author\":{\"name\":\"Francesca Iancig\",\"@id\":\"https:\/\/www.adformandum.org\/#\/schema\/person\/0d25a1ce7394dd5fa537dc04e1a56526\"},\"headline\":\"Za\u010detek novega \u0161olskega leta\",\"datePublished\":\"2021-09-06T08:37:19+00:00\",\"dateModified\":\"2021-09-06T08:40:15+00:00\",\"mainEntityOfPage\":{\"@id\":\"https:\/\/www.adformandum.org\/as202122\/\"},\"wordCount\":239,\"publisher\":{\"@id\":\"https:\/\/www.adformandum.org\/#organization\"},\"articleSection\":[\"Novice\"],\"inLanguage\":\"sl-SI\"},{\"@type\":\"WebPage\",\"@id\":\"https:\/\/www.adformandum.org\/as202122\/\",\"url\":\"https:\/\/www.adformandum.org\/as202122\/\",\"name\":\"Za\u010detek novega \u0161olskega leta - AD Formandum\",\"isPartOf\":{\"@id\":\"https:\/\/www.adformandum.org\/#website\"},\"datePublished\":\"2021-09-06T08:37:19+00:00\",\"dateModified\":\"2021-09-06T08:40:15+00:00\",\"breadcrumb\":{\"@id\":\"https:\/\/www.adformandum.org\/as202122\/#breadcrumb\"},\"inLanguage\":\"sl-SI\",\"potentialAction\":[{\"@type\":\"ReadAction\",\"target\":[\"https:\/\/www.adformandum.org\/as202122\/\"]}]},{\"@type\":\"BreadcrumbList\",\"@id\":\"https:\/\/www.adformandum.org\/as202122\/#breadcrumb\",\"itemListElement\":[{\"@type\":\"ListItem\",\"position\":1,\"name\":\"Home\",\"item\":\"https:\/\/www.adformandum.org\/\"},{\"@type\":\"ListItem\",\"position\":2,\"name\":\"Inizio nuovo anno scolastico\"}]},{\"@type\":\"WebSite\",\"@id\":\"https:\/\/www.adformandum.org\/#website\",\"url\":\"https:\/\/www.adformandum.org\/\",\"name\":\"AD Formandum\",\"description\":\"impresa sociale - socialno podjetje\",\"publisher\":{\"@id\":\"https:\/\/www.adformandum.org\/#organization\"},\"potentialAction\":[{\"@type\":\"SearchAction\",\"target\":{\"@type\":\"EntryPoint\",\"urlTemplate\":\"https:\/\/www.adformandum.org\/?s={search_term_string}\"},\"query-input\":\"required name=search_term_string\"}],\"inLanguage\":\"sl-SI\"},{\"@type\":\"Organization\",\"@id\":\"https:\/\/www.adformandum.org\/#organization\",\"name\":\"AD Formandum\",\"url\":\"https:\/\/www.adformandum.org\/\",\"logo\":{\"@type\":\"ImageObject\",\"inLanguage\":\"sl-SI\",\"@id\":\"https:\/\/www.adformandum.org\/#\/schema\/logo\/image\/\",\"url\":\"https:\/\/www.adformandum.org\/wp-content\/uploads\/2019\/06\/logo-new.png\",\"contentUrl\":\"https:\/\/www.adformandum.org\/wp-content\/uploads\/2019\/06\/logo-new.png\",\"width\":330,\"height\":65,\"caption\":\"AD Formandum\"},\"image\":{\"@id\":\"https:\/\/www.adformandum.org\/#\/schema\/logo\/image\/\"},\"sameAs\":[\"https:\/\/www.facebook.com\/adformandum\/\",\"https:\/\/twitter.com\/AdFormandum\",\"https:\/\/www.linkedin.com\/company\/ad-formandum\"]},{\"@type\":\"Person\",\"@id\":\"https:\/\/www.adformandum.org\/#\/schema\/person\/0d25a1ce7394dd5fa537dc04e1a56526\",\"name\":\"Francesca Iancig\",\"image\":{\"@type\":\"ImageObject\",\"inLanguage\":\"sl-SI\",\"@id\":\"https:\/\/www.adformandum.org\/#\/schema\/person\/image\/\",\"url\":\"https:\/\/secure.gravatar.com\/avatar\/3f6f9aea4fc448c45fcd1dd487898e04?s=96&d=mm&r=g\",\"contentUrl\":\"https:\/\/secure.gravatar.com\/avatar\/3f6f9aea4fc448c45fcd1dd487898e04?s=96&d=mm&r=g\",\"caption\":\"Francesca Iancig\"}}]}<\/script>\n<!-- \/ Yoast SEO plugin. -->","yoast_head_json":{"title":"Za\u010detek novega \u0161olskega leta - AD Formandum","robots":{"index":"index","follow":"follow","max-snippet":"max-snippet:-1","max-image-preview":"max-image-preview:large","max-video-preview":"max-video-preview:-1"},"canonical":"https:\/\/www.adformandum.org\/as202122\/","og_locale":"sl_SI","og_type":"article","og_title":"Za\u010detek novega \u0161olskega leta - AD Formandum","og_description":"Obvestilo star\u0161em: Obve\u0161\u010damo star\u0161e, v naslednjem tednu bodo potekala sre\u010danja posev\u010dena star\u0161em dijakov gostinske \u0161ole AD FORMANDUM. Spored sre\u010danj: TRST 1. letnik slovenske sekcije: 07\/09\/2021 ura 16.00. Za\u010detek pouka predviden 13\/09\/2021 1. letnik italijanske sekcije: 07\/09\/2021 ura 17.00. Za\u010detek pouka predviden 13\/09\/2021 2. letnik slovenske sekcije: 08\/09\/2021 ura 16.00. Za\u010detek pouka predviden 16\/09\/2021 2. letnik italijanske [&hellip;]","og_url":"https:\/\/www.adformandum.org\/as202122\/","og_site_name":"AD Formandum","article_publisher":"https:\/\/www.facebook.com\/adformandum\/","article_published_time":"2021-09-06T08:37:19+00:00","article_modified_time":"2021-09-06T08:40:15+00:00","og_image":[{"width":1920,"height":1080,"url":"https:\/\/www.adformandum.org\/wp-content\/uploads\/2021\/09\/Progetto-senza-titolo-18.png","type":"image\/png"}],"author":"Francesca Iancig","twitter_card":"summary_large_image","twitter_creator":"@AdFormandum","twitter_site":"@AdFormandum","twitter_misc":{"Written by":"Francesca Iancig","Est. reading time":"1 minuta"},"schema":{"@context":"https:\/\/schema.org","@graph":[{"@type":"Article","@id":"https:\/\/www.adformandum.org\/as202122\/#article","isPartOf":{"@id":"https:\/\/www.adformandum.org\/as202122\/"},"author":{"name":"Francesca Iancig","@id":"https:\/\/www.adformandum.org\/#\/schema\/person\/0d25a1ce7394dd5fa537dc04e1a56526"},"headline":"Za\u010detek novega \u0161olskega leta","datePublished":"2021-09-06T08:37:19+00:00","dateModified":"2021-09-06T08:40:15+00:00","mainEntityOfPage":{"@id":"https:\/\/www.adformandum.org\/as202122\/"},"wordCount":239,"publisher":{"@id":"https:\/\/www.adformandum.org\/#organization"},"articleSection":["Novice"],"inLanguage":"sl-SI"},{"@type":"WebPage","@id":"https:\/\/www.adformandum.org\/as202122\/","url":"https:\/\/www.adformandum.org\/as202122\/","name":"Za\u010detek novega \u0161olskega leta - AD Formandum","isPartOf":{"@id":"https:\/\/www.adformandum.org\/#website"},"datePublished":"2021-09-06T08:37:19+00:00","dateModified":"2021-09-06T08:40:15+00:00","breadcrumb":{"@id":"https:\/\/www.adformandum.org\/as202122\/#breadcrumb"},"inLanguage":"sl-SI","potentialAction":[{"@type":"ReadAction","target":["https:\/\/www.adformandum.org\/as202122\/"]}]},{"@type":"BreadcrumbList","@id":"https:\/\/www.adformandum.org\/as202122\/#breadcrumb","itemListElement":[{"@type":"ListItem","position":1,"name":"Home","item":"https:\/\/www.adformandum.org\/"},{"@type":"ListItem","position":2,"name":"Inizio nuovo anno scolastico"}]},{"@type":"WebSite","@id":"https:\/\/www.adformandum.org\/#website","url":"https:\/\/www.adformandum.org\/","name":"AD Formandum","description":"impresa sociale - socialno podjetje","publisher":{"@id":"https:\/\/www.adformandum.org\/#organization"},"potentialAction":[{"@type":"SearchAction","target":{"@type":"EntryPoint","urlTemplate":"https:\/\/www.adformandum.org\/?s={search_term_string}"},"query-input":"required name=search_term_string"}],"inLanguage":"sl-SI"},{"@type":"Organization","@id":"https:\/\/www.adformandum.org\/#organization","name":"AD Formandum","url":"https:\/\/www.adformandum.org\/","logo":{"@type":"ImageObject","inLanguage":"sl-SI","@id":"https:\/\/www.adformandum.org\/#\/schema\/logo\/image\/","url":"https:\/\/www.adformandum.org\/wp-content\/uploads\/2019\/06\/logo-new.png","contentUrl":"https:\/\/www.adformandum.org\/wp-content\/uploads\/2019\/06\/logo-new.png","width":330,"height":65,"caption":"AD Formandum"},"image":{"@id":"https:\/\/www.adformandum.org\/#\/schema\/logo\/image\/"},"sameAs":["https:\/\/www.facebook.com\/adformandum\/","https:\/\/twitter.com\/AdFormandum","https:\/\/www.linkedin.com\/company\/ad-formandum"]},{"@type":"Person","@id":"https:\/\/www.adformandum.org\/#\/schema\/person\/0d25a1ce7394dd5fa537dc04e1a56526","name":"Francesca Iancig","image":{"@type":"ImageObject","inLanguage":"sl-SI","@id":"https:\/\/www.adformandum.org\/#\/schema\/person\/image\/","url":"https:\/\/secure.gravatar.com\/avatar\/3f6f9aea4fc448c45fcd1dd487898e04?s=96&d=mm&r=g","contentUrl":"https:\/\/secure.gravatar.com\/avatar\/3f6f9aea4fc448c45fcd1dd487898e04?s=96&d=mm&r=g","caption":"Francesca Iancig"}}]}},"_links":{"self":[{"href":"https:\/\/www.adformandum.org\/si\/wp-json\/wp\/v2\/posts\/8571"}],"collection":[{"href":"https:\/\/www.adformandum.org\/si\/wp-json\/wp\/v2\/posts"}],"about":[{"href":"https:\/\/www.adformandum.org\/si\/wp-json\/wp\/v2\/types\/post"}],"author":[{"embeddable":true,"href":"https:\/\/www.adformandum.org\/si\/wp-json\/wp\/v2\/users\/4"}],"replies":[{"embeddable":true,"href":"https:\/\/www.adformandum.org\/si\/wp-json\/wp\/v2\/comments?post=8571"}],"version-history":[{"count":4,"href":"https:\/\/www.adformandum.org\/si\/wp-json\/wp\/v2\/posts\/8571\/revisions"}],"predecessor-version":[{"id":8576,"href":"https:\/\/www.adformandum.org\/si\/wp-json\/wp\/v2\/posts\/8571\/revisions\/8576"}],"wp:featuredmedia":[{"embeddable":true,"href":"https:\/\/www.adformandum.org\/si\/wp-json\/wp\/v2\/media\/8572"}],"wp:attachment":[{"href":"https:\/\/www.adformandum.org\/si\/wp-json\/wp\/v2\/media?parent=8571"}],"wp:term":[{"taxonomy":"category","embeddable":true,"href":"https:\/\/www.adformandum.org\/si\/wp-json\/wp\/v2\/categories?post=8571"},{"taxonomy":"post_tag","embeddable":true,"href":"https:\/\/www.adformandum.org\/si\/wp-json\/wp\/v2\/tags?post=8571"}],"curies":[{"name":"wp","href":"https:\/\/api.w.org\/{rel}","templated":true}]}}