{"id":9273,"date":"2021-12-27T11:02:06","date_gmt":"2021-12-27T10:02:06","guid":{"rendered":"http:\/\/www.adformandum.org\/?p=9273"},"modified":"2021-12-27T11:02:06","modified_gmt":"2021-12-27T10:02:06","slug":"openday2022","status":"publish","type":"post","link":"https:\/\/www.adformandum.org\/si\/openday2022\/","title":{"rendered":"\u0160e zadnji dnevi odprtih vrat na gostinski \u0161oli"},"content":{"rendered":"<p>Gostinska \u0161ola AD Formandum je v letu 2021 \u017ee ve\u010dkrat odprla vrata interesentom za izobra\u017eevanje na podro\u010dju <strong>gostinskih storitev<\/strong>. Izkazalo se je, da je kljub trenutnim razmeram zanimanje za delo v gostinstvu zelo visoko, saj so bili dosedanji dnevi odprtih vrat <strong>mno\u017ei\u010dno obiskani<\/strong> in <strong>uspe\u0161ni<\/strong>.<\/p>\n<p>Gostinstvo je definitivno ena izmed panog, ki postaja skozi leta vse bolj <strong>cenjena<\/strong>. Dandanes zaradi hitrega tempa \u017eivljenja ve\u010dina ljudi obeduje <strong>zunaj<\/strong>, v restavracijah in gostilnah, zaradi \u010desar moramo biti pripravljeni ljudem ponuditi <strong>kvalitetno<\/strong> in uravnote\u017eeno prehrano. Ravno iz tega razloga so tudi mo\u017enosti za <strong>zaposlovanje<\/strong> v tem sektorju vse vi\u0161je, hkrati pa ponuja tudi veliko prilo\u017enosti za <strong>napredovanje<\/strong>. Vse podrobnosti in poklicne skrivnosti, pa se lahko nau\u010dite le v \u0161oli v kateri pou\u010dujejo <strong>poklicni gostinci<\/strong> sami.<\/p>\n<p>Tako v Gorici kot v Trstu, je na voljo kakovostna izbira izobra\u017eevalnih programov. Dijakom ponujajo triletni \u0161tudij <strong>Operater v gostinstvu &#8211; Kuhar ali Natakar<\/strong>, triletni \u0161tudij za <strong>Sla\u0161\u010di\u010darja<\/strong>.<\/p>\n<p>Ker pa se na \u0161oli zavedajo pomembnosti <strong>prakse<\/strong> v tej panogi, imajo dijaki v urah izobra\u017eevanja v 2. in 3. letniku tudi prakso pri poslovnih partnerjih \u0161ole, na gori\u0161kem in tr\u017ea\u0161kem.<\/p>\n<p>Te\u010daji poklicnega izobra\u017eevanja so namenjeni <strong>mladim od 14. do <\/strong>(\u0161e nedopolnjenega<strong>) 18. leta starosti, <\/strong>ki so zaklju\u010dili ni\u017ejo srednjo \u0161olo. V Gorici je izobra\u017eevalni jezik italijan\u0161\u010dina, medtem ko v Trstu deluje tudi oddelek v sloven\u0161\u010dini.<\/p>\n<p>&nbsp;<\/p>\n<p><strong>\u0160ola bo \u0161e zadnji\u010d odprla svoja vrata \u0161e dvakrat, in sicer:<\/strong><\/p>\n<ul>\n<li>v Gorici, 13. januarja ob 14:00 \u2013 17:30<\/li>\n<li>V Trstu, 21. januarja ob 14:30 \u2013 18:30<\/li>\n<\/ul>\n<p><strong>Vpis je mo\u017een tudi po pri\u010detku \u0161olskega leta<\/strong>. Za vse tiste, ki bi \u017eeleli pridobiti ve\u010d informacij o mo\u017enosti in postopku vpisa je na voljo tajni\u0161tvo na tel. +39 040 566360 (TS) &#8211; +39 0481 81826 (GO) ali mail <a href=\"mailto:info@adformandum.org\">info@adformandum.org<\/a>.<\/p>","protected":false},"excerpt":{"rendered":"<p>Gostinska \u0161ola AD Formandum je v letu 2021 \u017ee ve\u010dkrat odprla vrata interesentom za izobra\u017eevanje na podro\u010dju gostinskih storitev. Izkazalo se je, da je kljub trenutnim razmeram zanimanje za delo v gostinstvu zelo visoko, saj so bili dosedanji dnevi odprtih vrat mno\u017ei\u010dno obiskani in uspe\u0161ni. Gostinstvo je definitivno ena izmed panog, ki postaja skozi leta vse [&hellip;]<\/p>\n","protected":false},"author":4,"featured_media":9274,"comment_status":"closed","ping_status":"open","sticky":false,"template":"","format":"standard","meta":{"_mi_skip_tracking":false,"_monsterinsights_sitenote_active":false,"_monsterinsights_sitenote_note":"","_monsterinsights_sitenote_category":0,"footnotes":""},"categories":[221],"tags":[],"yoast_head":"<!-- This site is optimized with the Yoast SEO plugin v21.5 - https:\/\/yoast.com\/wordpress\/plugins\/seo\/ -->\n<title>\u0160e zadnji dnevi odprtih vrat na gostinski \u0161oli - AD Formandum<\/title>\n<meta name=\"description\" content=\"Gli allievi della scuola alberghiera allo Slofest a Trieste\" \/>\n<meta name=\"robots\" content=\"index, follow, max-snippet:-1, max-image-preview:large, max-video-preview:-1\" \/>\n<link rel=\"canonical\" href=\"https:\/\/www.adformandum.org\/openday2022\/\" \/>\n<meta property=\"og:locale\" content=\"sl_SI\" \/>\n<meta property=\"og:type\" content=\"article\" \/>\n<meta property=\"og:title\" content=\"\u0160e zadnji dnevi odprtih vrat na gostinski \u0161oli - AD Formandum\" \/>\n<meta property=\"og:description\" content=\"Gli allievi della scuola alberghiera allo Slofest a Trieste\" \/>\n<meta property=\"og:url\" content=\"https:\/\/www.adformandum.org\/openday2022\/\" \/>\n<meta property=\"og:site_name\" content=\"AD Formandum\" \/>\n<meta property=\"article:publisher\" content=\"https:\/\/www.facebook.com\/adformandum\/\" \/>\n<meta property=\"article:published_time\" content=\"2021-12-27T10:02:06+00:00\" \/>\n<meta property=\"og:image\" content=\"https:\/\/www.adformandum.org\/wp-content\/uploads\/2021\/12\/Splet-1.png\" \/>\n\t<meta property=\"og:image:width\" content=\"1920\" \/>\n\t<meta property=\"og:image:height\" content=\"1080\" \/>\n\t<meta property=\"og:image:type\" content=\"image\/png\" \/>\n<meta name=\"author\" content=\"Francesca Iancig\" \/>\n<meta name=\"twitter:card\" content=\"summary_large_image\" \/>\n<meta name=\"twitter:creator\" content=\"@AdFormandum\" \/>\n<meta name=\"twitter:site\" content=\"@AdFormandum\" \/>\n<meta name=\"twitter:label1\" content=\"Written by\" \/>\n\t<meta name=\"twitter:data1\" content=\"Francesca Iancig\" \/>\n\t<meta name=\"twitter:label2\" content=\"Est. reading time\" \/>\n\t<meta name=\"twitter:data2\" content=\"3 minute\" \/>\n<script type=\"application\/ld+json\" class=\"yoast-schema-graph\">{\"@context\":\"https:\/\/schema.org\",\"@graph\":[{\"@type\":\"Article\",\"@id\":\"https:\/\/www.adformandum.org\/openday2022\/#article\",\"isPartOf\":{\"@id\":\"https:\/\/www.adformandum.org\/openday2022\/\"},\"author\":{\"name\":\"Francesca Iancig\",\"@id\":\"https:\/\/www.adformandum.org\/#\/schema\/person\/0d25a1ce7394dd5fa537dc04e1a56526\"},\"headline\":\"\u0160e zadnji dnevi odprtih vrat na gostinski \u0161oli\",\"datePublished\":\"2021-12-27T10:02:06+00:00\",\"dateModified\":\"2021-12-27T10:02:06+00:00\",\"mainEntityOfPage\":{\"@id\":\"https:\/\/www.adformandum.org\/openday2022\/\"},\"wordCount\":663,\"publisher\":{\"@id\":\"https:\/\/www.adformandum.org\/#organization\"},\"articleSection\":[\"Novice\"],\"inLanguage\":\"sl-SI\"},{\"@type\":\"WebPage\",\"@id\":\"https:\/\/www.adformandum.org\/openday2022\/\",\"url\":\"https:\/\/www.adformandum.org\/openday2022\/\",\"name\":\"\u0160e zadnji dnevi odprtih vrat na gostinski \u0161oli - AD Formandum\",\"isPartOf\":{\"@id\":\"https:\/\/www.adformandum.org\/#website\"},\"datePublished\":\"2021-12-27T10:02:06+00:00\",\"dateModified\":\"2021-12-27T10:02:06+00:00\",\"description\":\"Gli allievi della scuola alberghiera allo Slofest a Trieste\",\"breadcrumb\":{\"@id\":\"https:\/\/www.adformandum.org\/openday2022\/#breadcrumb\"},\"inLanguage\":\"sl-SI\",\"potentialAction\":[{\"@type\":\"ReadAction\",\"target\":[\"https:\/\/www.adformandum.org\/openday2022\/\"]}]},{\"@type\":\"BreadcrumbList\",\"@id\":\"https:\/\/www.adformandum.org\/openday2022\/#breadcrumb\",\"itemListElement\":[{\"@type\":\"ListItem\",\"position\":1,\"name\":\"Home\",\"item\":\"https:\/\/www.adformandum.org\/\"},{\"@type\":\"ListItem\",\"position\":2,\"name\":\"Ultime giornate di open day alla scuola alberghiera\"}]},{\"@type\":\"WebSite\",\"@id\":\"https:\/\/www.adformandum.org\/#website\",\"url\":\"https:\/\/www.adformandum.org\/\",\"name\":\"AD Formandum\",\"description\":\"impresa sociale - socialno podjetje\",\"publisher\":{\"@id\":\"https:\/\/www.adformandum.org\/#organization\"},\"potentialAction\":[{\"@type\":\"SearchAction\",\"target\":{\"@type\":\"EntryPoint\",\"urlTemplate\":\"https:\/\/www.adformandum.org\/?s={search_term_string}\"},\"query-input\":\"required name=search_term_string\"}],\"inLanguage\":\"sl-SI\"},{\"@type\":\"Organization\",\"@id\":\"https:\/\/www.adformandum.org\/#organization\",\"name\":\"AD Formandum\",\"url\":\"https:\/\/www.adformandum.org\/\",\"logo\":{\"@type\":\"ImageObject\",\"inLanguage\":\"sl-SI\",\"@id\":\"https:\/\/www.adformandum.org\/#\/schema\/logo\/image\/\",\"url\":\"https:\/\/www.adformandum.org\/wp-content\/uploads\/2019\/06\/logo-new.png\",\"contentUrl\":\"https:\/\/www.adformandum.org\/wp-content\/uploads\/2019\/06\/logo-new.png\",\"width\":330,\"height\":65,\"caption\":\"AD Formandum\"},\"image\":{\"@id\":\"https:\/\/www.adformandum.org\/#\/schema\/logo\/image\/\"},\"sameAs\":[\"https:\/\/www.facebook.com\/adformandum\/\",\"https:\/\/twitter.com\/AdFormandum\",\"https:\/\/www.linkedin.com\/company\/ad-formandum\"]},{\"@type\":\"Person\",\"@id\":\"https:\/\/www.adformandum.org\/#\/schema\/person\/0d25a1ce7394dd5fa537dc04e1a56526\",\"name\":\"Francesca Iancig\",\"image\":{\"@type\":\"ImageObject\",\"inLanguage\":\"sl-SI\",\"@id\":\"https:\/\/www.adformandum.org\/#\/schema\/person\/image\/\",\"url\":\"https:\/\/secure.gravatar.com\/avatar\/3f6f9aea4fc448c45fcd1dd487898e04?s=96&d=mm&r=g\",\"contentUrl\":\"https:\/\/secure.gravatar.com\/avatar\/3f6f9aea4fc448c45fcd1dd487898e04?s=96&d=mm&r=g\",\"caption\":\"Francesca Iancig\"}}]}<\/script>\n<!-- \/ Yoast SEO plugin. -->","yoast_head_json":{"title":"\u0160e zadnji dnevi odprtih vrat na gostinski \u0161oli - AD Formandum","description":"Gli allievi della scuola alberghiera allo Slofest a Trieste","robots":{"index":"index","follow":"follow","max-snippet":"max-snippet:-1","max-image-preview":"max-image-preview:large","max-video-preview":"max-video-preview:-1"},"canonical":"https:\/\/www.adformandum.org\/openday2022\/","og_locale":"sl_SI","og_type":"article","og_title":"\u0160e zadnji dnevi odprtih vrat na gostinski \u0161oli - AD Formandum","og_description":"Gli allievi della scuola alberghiera allo Slofest a Trieste","og_url":"https:\/\/www.adformandum.org\/openday2022\/","og_site_name":"AD Formandum","article_publisher":"https:\/\/www.facebook.com\/adformandum\/","article_published_time":"2021-12-27T10:02:06+00:00","og_image":[{"width":1920,"height":1080,"url":"https:\/\/www.adformandum.org\/wp-content\/uploads\/2021\/12\/Splet-1.png","type":"image\/png"}],"author":"Francesca Iancig","twitter_card":"summary_large_image","twitter_creator":"@AdFormandum","twitter_site":"@AdFormandum","twitter_misc":{"Written by":"Francesca Iancig","Est. reading time":"3 minute"},"schema":{"@context":"https:\/\/schema.org","@graph":[{"@type":"Article","@id":"https:\/\/www.adformandum.org\/openday2022\/#article","isPartOf":{"@id":"https:\/\/www.adformandum.org\/openday2022\/"},"author":{"name":"Francesca Iancig","@id":"https:\/\/www.adformandum.org\/#\/schema\/person\/0d25a1ce7394dd5fa537dc04e1a56526"},"headline":"\u0160e zadnji dnevi odprtih vrat na gostinski \u0161oli","datePublished":"2021-12-27T10:02:06+00:00","dateModified":"2021-12-27T10:02:06+00:00","mainEntityOfPage":{"@id":"https:\/\/www.adformandum.org\/openday2022\/"},"wordCount":663,"publisher":{"@id":"https:\/\/www.adformandum.org\/#organization"},"articleSection":["Novice"],"inLanguage":"sl-SI"},{"@type":"WebPage","@id":"https:\/\/www.adformandum.org\/openday2022\/","url":"https:\/\/www.adformandum.org\/openday2022\/","name":"\u0160e zadnji dnevi odprtih vrat na gostinski \u0161oli - AD Formandum","isPartOf":{"@id":"https:\/\/www.adformandum.org\/#website"},"datePublished":"2021-12-27T10:02:06+00:00","dateModified":"2021-12-27T10:02:06+00:00","description":"Gli allievi della scuola alberghiera allo Slofest a Trieste","breadcrumb":{"@id":"https:\/\/www.adformandum.org\/openday2022\/#breadcrumb"},"inLanguage":"sl-SI","potentialAction":[{"@type":"ReadAction","target":["https:\/\/www.adformandum.org\/openday2022\/"]}]},{"@type":"BreadcrumbList","@id":"https:\/\/www.adformandum.org\/openday2022\/#breadcrumb","itemListElement":[{"@type":"ListItem","position":1,"name":"Home","item":"https:\/\/www.adformandum.org\/"},{"@type":"ListItem","position":2,"name":"Ultime giornate di open day alla scuola alberghiera"}]},{"@type":"WebSite","@id":"https:\/\/www.adformandum.org\/#website","url":"https:\/\/www.adformandum.org\/","name":"AD Formandum","description":"impresa sociale - socialno podjetje","publisher":{"@id":"https:\/\/www.adformandum.org\/#organization"},"potentialAction":[{"@type":"SearchAction","target":{"@type":"EntryPoint","urlTemplate":"https:\/\/www.adformandum.org\/?s={search_term_string}"},"query-input":"required name=search_term_string"}],"inLanguage":"sl-SI"},{"@type":"Organization","@id":"https:\/\/www.adformandum.org\/#organization","name":"AD Formandum","url":"https:\/\/www.adformandum.org\/","logo":{"@type":"ImageObject","inLanguage":"sl-SI","@id":"https:\/\/www.adformandum.org\/#\/schema\/logo\/image\/","url":"https:\/\/www.adformandum.org\/wp-content\/uploads\/2019\/06\/logo-new.png","contentUrl":"https:\/\/www.adformandum.org\/wp-content\/uploads\/2019\/06\/logo-new.png","width":330,"height":65,"caption":"AD Formandum"},"image":{"@id":"https:\/\/www.adformandum.org\/#\/schema\/logo\/image\/"},"sameAs":["https:\/\/www.facebook.com\/adformandum\/","https:\/\/twitter.com\/AdFormandum","https:\/\/www.linkedin.com\/company\/ad-formandum"]},{"@type":"Person","@id":"https:\/\/www.adformandum.org\/#\/schema\/person\/0d25a1ce7394dd5fa537dc04e1a56526","name":"Francesca Iancig","image":{"@type":"ImageObject","inLanguage":"sl-SI","@id":"https:\/\/www.adformandum.org\/#\/schema\/person\/image\/","url":"https:\/\/secure.gravatar.com\/avatar\/3f6f9aea4fc448c45fcd1dd487898e04?s=96&d=mm&r=g","contentUrl":"https:\/\/secure.gravatar.com\/avatar\/3f6f9aea4fc448c45fcd1dd487898e04?s=96&d=mm&r=g","caption":"Francesca Iancig"}}]}},"_links":{"self":[{"href":"https:\/\/www.adformandum.org\/si\/wp-json\/wp\/v2\/posts\/9273"}],"collection":[{"href":"https:\/\/www.adformandum.org\/si\/wp-json\/wp\/v2\/posts"}],"about":[{"href":"https:\/\/www.adformandum.org\/si\/wp-json\/wp\/v2\/types\/post"}],"author":[{"embeddable":true,"href":"https:\/\/www.adformandum.org\/si\/wp-json\/wp\/v2\/users\/4"}],"replies":[{"embeddable":true,"href":"https:\/\/www.adformandum.org\/si\/wp-json\/wp\/v2\/comments?post=9273"}],"version-history":[{"count":1,"href":"https:\/\/www.adformandum.org\/si\/wp-json\/wp\/v2\/posts\/9273\/revisions"}],"predecessor-version":[{"id":9275,"href":"https:\/\/www.adformandum.org\/si\/wp-json\/wp\/v2\/posts\/9273\/revisions\/9275"}],"wp:featuredmedia":[{"embeddable":true,"href":"https:\/\/www.adformandum.org\/si\/wp-json\/wp\/v2\/media\/9274"}],"wp:attachment":[{"href":"https:\/\/www.adformandum.org\/si\/wp-json\/wp\/v2\/media?parent=9273"}],"wp:term":[{"taxonomy":"category","embeddable":true,"href":"https:\/\/www.adformandum.org\/si\/wp-json\/wp\/v2\/categories?post=9273"},{"taxonomy":"post_tag","embeddable":true,"href":"https:\/\/www.adformandum.org\/si\/wp-json\/wp\/v2\/tags?post=9273"}],"curies":[{"name":"wp","href":"https:\/\/api.w.org\/{rel}","templated":true}]}}